{"id":10662,"date":"2023-03-03T15:34:40","date_gmt":"2023-03-03T14:34:40","guid":{"rendered":"https:\/\/www.notredamealarose.be\/improved-acces-to-the-prm-in-the-museum\/"},"modified":"2023-04-25T12:12:09","modified_gmt":"2023-04-25T10:12:09","slug":"improved-acces-to-the-prm-in-the-museum","status":"publish","type":"post","link":"https:\/\/www.notredamealarose.be\/en\/improved-acces-to-the-prm-in-the-museum\/","title":{"rendered":"Improved acces to the PRM in the museum"},"content":{"rendered":"\n<p>The current works, which concerns the junction between the city centre and the museum, incorporate a suitable covering allowing easy movement for the PRM (flat pavers and access ramps). In the wake, the new layout of the reception hall and the Horeca area was also the subject of special attention: counter and adapted sanitary facilities, access ramps. These tools will be available as of July 2023. <\/p>\n\n<p>However, the heart of the site is a historic residence. Its structure was initially not intended for the movement of people with reduced mobility. Indeed, it was even a matter of putting one or two steps systematically at the entrance of each room to avoid possible flooding of the nearby Dendre. Fortunately, the restoration works have even included elevators in the tour circuit.<\/p>\n\n<p>We now inherit that situation. It is of course impossible and forbidden to alter the existing structure irreversibly. From then on, we studied the possibility of placing removable inclined planes in order to facilitate access to PRM in an institution that wants \u2013 and should \u2013 be inclusive, especially for people with fragile access to culture.<\/p>\n\n<p>Inclined plans were made a few years ago. If they were made with the best intentions in the world, it is clear that they are difficult to practice, because their inclination had not been studied. <\/p>\n\n<p>Our Alderman of Culture and Heritage, Mr Dimitri Wittenberg, who is particularly sensitive to the issue since he travels himself in a wheelchair, took the initiative to contact the carpentry section of an athenaeum near the museum. The aim here is to kill two birds with one stone: an educational partnership that will raise students&#8217; awareness of the inequalities encountered by PRMs and a full-scale professional exercise in an exceptional site where their work will be valued. Moreover, they themselves are not accustomed to visiting museums, so it is possible to demystify their approach. On the museum side, we will finally have a site fully accessible to people who have difficulty moving as well as young parents equipped with a stroller. <\/p>\n\n<p>We thank the <strong>National Lottery<\/strong> for its financial support for the construction of the new ramps for PMR.<\/p>\n\n<figure class=\"wp-block-image size-full\"><img loading=\"lazy\" decoding=\"async\" width=\"326\" height=\"147\" src=\"https:\/\/www.notredamealarose.be\/2022\/wp-content\/uploads\/2023\/03\/LN_2talig_groen-copie.jpg\" alt=\"\" class=\"wp-image-10585\" srcset=\"https:\/\/www.notredamealarose.be\/2022\/wp-content\/uploads\/2023\/03\/LN_2talig_groen-copie.jpg 326w, https:\/\/www.notredamealarose.be\/2022\/wp-content\/uploads\/2023\/03\/LN_2talig_groen-copie-300x135.jpg 300w\" sizes=\"auto, (max-width: 326px) 100vw, 326px\" \/><figcaption class=\"wp-element-caption\">With the support of<\/figcaption><\/figure>\n<figure class=\"wp-block-image size-large\"><img loading=\"lazy\" decoding=\"async\" width=\"1024\" height=\"726\" src=\"https:\/\/www.notredamealarose.be\/2022\/wp-content\/uploads\/2023\/03\/article-PMR-lettre-du-patrimoine-1024x726.jpg\" alt=\"\" class=\"wp-image-10472\" srcset=\"https:\/\/www.notredamealarose.be\/2022\/wp-content\/uploads\/2023\/03\/article-PMR-lettre-du-patrimoine-1024x726.jpg 1024w, https:\/\/www.notredamealarose.be\/2022\/wp-content\/uploads\/2023\/03\/article-PMR-lettre-du-patrimoine-300x213.jpg 300w, https:\/\/www.notredamealarose.be\/2022\/wp-content\/uploads\/2023\/03\/article-PMR-lettre-du-patrimoine-768x544.jpg 768w, https:\/\/www.notredamealarose.be\/2022\/wp-content\/uploads\/2023\/03\/article-PMR-lettre-du-patrimoine.jpg 1230w\" sizes=\"auto, (max-width: 1024px) 100vw, 1024px\" \/><\/figure>","protected":false},"excerpt":{"rendered":"<p>A project currently underway is expected to optimize the access to the museum for Persons with reduced mobility (PRM). <\/p>\n","protected":false},"author":3,"featured_media":10477,"comment_status":"closed","ping_status":"closed","sticky":false,"template":"","format":"standard","meta":{"site-sidebar-layout":"default","site-content-layout":"","ast-site-content-layout":"","site-content-style":"default","site-sidebar-style":"default","ast-global-header-display":"","ast-banner-title-visibility":"","ast-main-header-display":"","ast-hfb-above-header-display":"","ast-hfb-below-header-display":"","ast-hfb-mobile-header-display":"","site-post-title":"","ast-breadcrumbs-content":"","ast-featured-img":"","footer-sml-layout":"","theme-transparent-header-meta":"","adv-header-id-meta":"","stick-header-meta":"","header-above-stick-meta":"","header-main-stick-meta":"","header-below-stick-meta":"","astra-migrate-meta-layouts":"default","ast-page-background-enabled":"default","ast-page-background-meta":{"desktop":{"background-color":"var(--ast-global-color-4)","background-image":"","background-repeat":"repeat","background-position":"center center","background-size":"auto","background-attachment":"scroll","background-type":"","background-media":"","overlay-type":"","overlay-color":"","overlay-gradient":""},"tablet":{"background-color":"","background-image":"","background-repeat":"repeat","background-position":"center center","background-size":"auto","background-attachment":"scroll","background-type":"","background-media":"","overlay-type":"","overlay-color":"","overlay-gradient":""},"mobile":{"background-color":"","background-image":"","background-repeat":"repeat","background-position":"center center","background-size":"auto","background-attachment":"scroll","background-type":"","background-media":"","overlay-type":"","overlay-color":"","overlay-gradient":""}},"ast-content-background-meta":{"desktop":{"background-color":"var(--ast-global-color-5)","background-image":"","background-repeat":"repeat","background-position":"center center","background-size":"auto","background-attachment":"scroll","background-type":"","background-media":"","overlay-type":"","overlay-color":"","overlay-gradient":""},"tablet":{"background-color":"var(--ast-global-color-5)","background-image":"","background-repeat":"repeat","background-position":"center center","background-size":"auto","background-attachment":"scroll","background-type":"","background-media":"","overlay-type":"","overlay-color":"","overlay-gradient":""},"mobile":{"background-color":"var(--ast-global-color-5)","background-image":"","background-repeat":"repeat","background-position":"center center","background-size":"auto","background-attachment":"scroll","background-type":"","background-media":"","overlay-type":"","overlay-color":"","overlay-gradient":""}},"_price":"","_stock":"","_tribe_ticket_header":"","_tribe_default_ticket_provider":"","_tribe_ticket_capacity":"0","_ticket_start_date":"","_ticket_end_date":"","_tribe_ticket_show_description":"","_tribe_ticket_show_not_going":false,"_tribe_ticket_use_global_stock":"","_tribe_ticket_global_stock_level":"","_global_stock_mode":"","_global_stock_cap":"","_tribe_rsvp_for_event":"","_tribe_ticket_going_count":"","_tribe_ticket_not_going_count":"","_tribe_tickets_list":"[]","_tribe_ticket_has_attendee_info_fields":false,"_jetpack_memberships_contains_paid_content":false,"footnotes":""},"categories":[],"tags":[],"class_list":["post-10662","post","type-post","status-publish","format-standard","has-post-thumbnail","hentry"],"yoast_head":"<!-- This site is optimized with the Yoast SEO plugin v27.4 - https:\/\/yoast.com\/product\/yoast-seo-wordpress\/ -->\n<title>Improved acces to the PRM in the museum - H\u00f4pital Notre-Dame \u00e0 la Rose - Lessines<\/title>\n<meta name=\"robots\" content=\"index, follow, max-snippet:-1, max-image-preview:large, max-video-preview:-1\" \/>\n<link rel=\"canonical\" href=\"https:\/\/www.notredamealarose.be\/amelioration-de-lacces-pmr-au-musee\/\" \/>\n<meta property=\"og:locale\" content=\"en_US\" \/>\n<meta property=\"og:type\" content=\"article\" \/>\n<meta property=\"og:title\" content=\"Improved acces to the PRM in the museum - H\u00f4pital Notre-Dame \u00e0 la Rose - Lessines\" \/>\n<meta property=\"og:description\" content=\"A project currently underway is expected to optimize the access to the museum for Persons with reduced mobility (PRM).\" \/>\n<meta property=\"og:url\" content=\"https:\/\/www.notredamealarose.be\/amelioration-de-lacces-pmr-au-musee\/\" \/>\n<meta property=\"og:site_name\" content=\"H\u00f4pital Notre-Dame \u00e0 la Rose - Lessines\" \/>\n<meta property=\"article:published_time\" content=\"2023-03-03T14:34:40+00:00\" \/>\n<meta property=\"article:modified_time\" content=\"2023-04-25T10:12:09+00:00\" \/>\n<meta property=\"og:image\" content=\"https:\/\/www.notredamealarose.be\/2022\/wp-content\/uploads\/2023\/03\/panneau-handicape-rampe-d-acces.jpg\" \/>\n\t<meta property=\"og:image:width\" content=\"700\" \/>\n\t<meta property=\"og:image:height\" content=\"700\" \/>\n\t<meta property=\"og:image:type\" content=\"image\/jpeg\" \/>\n<meta name=\"author\" content=\"H\u00f4pital Notre-Dame \u00e0 la Rose\" \/>\n<meta name=\"twitter:card\" content=\"summary_large_image\" \/>\n<script type=\"application\/ld+json\" class=\"yoast-schema-graph\">{\"@context\":\"https:\\\/\\\/schema.org\",\"@graph\":[{\"@type\":\"Article\",\"@id\":\"https:\\\/\\\/www.notredamealarose.be\\\/amelioration-de-lacces-pmr-au-musee\\\/#article\",\"isPartOf\":{\"@id\":\"https:\\\/\\\/www.notredamealarose.be\\\/amelioration-de-lacces-pmr-au-musee\\\/\"},\"author\":{\"name\":\"H\u00f4pital Notre-Dame \u00e0 la Rose\",\"@id\":\"https:\\\/\\\/www.notredamealarose.be\\\/#\\\/schema\\\/person\\\/0f7dbbf39182c9ab37fcd31674b3f28a\"},\"headline\":\"Improved acces to the PRM in the museum\",\"datePublished\":\"2023-03-03T14:34:40+00:00\",\"dateModified\":\"2023-04-25T10:12:09+00:00\",\"mainEntityOfPage\":{\"@id\":\"https:\\\/\\\/www.notredamealarose.be\\\/amelioration-de-lacces-pmr-au-musee\\\/\"},\"wordCount\":368,\"publisher\":{\"@id\":\"https:\\\/\\\/www.notredamealarose.be\\\/#organization\"},\"image\":{\"@id\":\"https:\\\/\\\/www.notredamealarose.be\\\/amelioration-de-lacces-pmr-au-musee\\\/#primaryimage\"},\"thumbnailUrl\":\"https:\\\/\\\/www.notredamealarose.be\\\/2022\\\/wp-content\\\/uploads\\\/2023\\\/03\\\/panneau-handicape-rampe-d-acces.jpg\",\"inLanguage\":\"en-US\"},{\"@type\":\"WebPage\",\"@id\":\"https:\\\/\\\/www.notredamealarose.be\\\/amelioration-de-lacces-pmr-au-musee\\\/\",\"url\":\"https:\\\/\\\/www.notredamealarose.be\\\/amelioration-de-lacces-pmr-au-musee\\\/\",\"name\":\"Improved acces to the PRM in the museum - H\u00f4pital Notre-Dame \u00e0 la Rose - Lessines\",\"isPartOf\":{\"@id\":\"https:\\\/\\\/www.notredamealarose.be\\\/#website\"},\"primaryImageOfPage\":{\"@id\":\"https:\\\/\\\/www.notredamealarose.be\\\/amelioration-de-lacces-pmr-au-musee\\\/#primaryimage\"},\"image\":{\"@id\":\"https:\\\/\\\/www.notredamealarose.be\\\/amelioration-de-lacces-pmr-au-musee\\\/#primaryimage\"},\"thumbnailUrl\":\"https:\\\/\\\/www.notredamealarose.be\\\/2022\\\/wp-content\\\/uploads\\\/2023\\\/03\\\/panneau-handicape-rampe-d-acces.jpg\",\"datePublished\":\"2023-03-03T14:34:40+00:00\",\"dateModified\":\"2023-04-25T10:12:09+00:00\",\"breadcrumb\":{\"@id\":\"https:\\\/\\\/www.notredamealarose.be\\\/amelioration-de-lacces-pmr-au-musee\\\/#breadcrumb\"},\"inLanguage\":\"en-US\",\"potentialAction\":[{\"@type\":\"ReadAction\",\"target\":[\"https:\\\/\\\/www.notredamealarose.be\\\/amelioration-de-lacces-pmr-au-musee\\\/\"]}]},{\"@type\":\"ImageObject\",\"inLanguage\":\"en-US\",\"@id\":\"https:\\\/\\\/www.notredamealarose.be\\\/amelioration-de-lacces-pmr-au-musee\\\/#primaryimage\",\"url\":\"https:\\\/\\\/www.notredamealarose.be\\\/2022\\\/wp-content\\\/uploads\\\/2023\\\/03\\\/panneau-handicape-rampe-d-acces.jpg\",\"contentUrl\":\"https:\\\/\\\/www.notredamealarose.be\\\/2022\\\/wp-content\\\/uploads\\\/2023\\\/03\\\/panneau-handicape-rampe-d-acces.jpg\",\"width\":700,\"height\":700},{\"@type\":\"BreadcrumbList\",\"@id\":\"https:\\\/\\\/www.notredamealarose.be\\\/amelioration-de-lacces-pmr-au-musee\\\/#breadcrumb\",\"itemListElement\":[{\"@type\":\"ListItem\",\"position\":1,\"name\":\"Accueil\",\"item\":\"https:\\\/\\\/www.notredamealarose.be\\\/en\\\/\"},{\"@type\":\"ListItem\",\"position\":2,\"name\":\"Improved acces to the PRM in the museum\"}]},{\"@type\":\"WebSite\",\"@id\":\"https:\\\/\\\/www.notredamealarose.be\\\/#website\",\"url\":\"https:\\\/\\\/www.notredamealarose.be\\\/\",\"name\":\"H\u00f4pital Notre-Dame \u00e0 la Rose - Lessines\",\"description\":\"Un mus\u00e9e magique et hors du temps !\",\"publisher\":{\"@id\":\"https:\\\/\\\/www.notredamealarose.be\\\/#organization\"},\"potentialAction\":[{\"@type\":\"SearchAction\",\"target\":{\"@type\":\"EntryPoint\",\"urlTemplate\":\"https:\\\/\\\/www.notredamealarose.be\\\/?s={search_term_string}\"},\"query-input\":{\"@type\":\"PropertyValueSpecification\",\"valueRequired\":true,\"valueName\":\"search_term_string\"}}],\"inLanguage\":\"en-US\"},{\"@type\":\"Organization\",\"@id\":\"https:\\\/\\\/www.notredamealarose.be\\\/#organization\",\"name\":\"H\u00f4pital Notre-Dame \u00e0 la Rose - Lessines\",\"url\":\"https:\\\/\\\/www.notredamealarose.be\\\/\",\"logo\":{\"@type\":\"ImageObject\",\"inLanguage\":\"en-US\",\"@id\":\"https:\\\/\\\/www.notredamealarose.be\\\/#\\\/schema\\\/logo\\\/image\\\/\",\"url\":\"https:\\\/\\\/www.notredamealarose.be\\\/2022\\\/wp-content\\\/uploads\\\/2023\\\/12\\\/HNDR-logo-monochrome-neg.png\",\"contentUrl\":\"https:\\\/\\\/www.notredamealarose.be\\\/2022\\\/wp-content\\\/uploads\\\/2023\\\/12\\\/HNDR-logo-monochrome-neg.png\",\"width\":1998,\"height\":1239,\"caption\":\"H\u00f4pital Notre-Dame \u00e0 la Rose - Lessines\"},\"image\":{\"@id\":\"https:\\\/\\\/www.notredamealarose.be\\\/#\\\/schema\\\/logo\\\/image\\\/\"}},{\"@type\":\"Person\",\"@id\":\"https:\\\/\\\/www.notredamealarose.be\\\/#\\\/schema\\\/person\\\/0f7dbbf39182c9ab37fcd31674b3f28a\",\"name\":\"H\u00f4pital Notre-Dame \u00e0 la Rose\",\"image\":{\"@type\":\"ImageObject\",\"inLanguage\":\"en-US\",\"@id\":\"https:\\\/\\\/secure.gravatar.com\\\/avatar\\\/e49ad5dffddbe87ae0a1979cf2533336fcc6d2b873ff48a70b47be485b10673f?s=96&d=mm&r=g\",\"url\":\"https:\\\/\\\/secure.gravatar.com\\\/avatar\\\/e49ad5dffddbe87ae0a1979cf2533336fcc6d2b873ff48a70b47be485b10673f?s=96&d=mm&r=g\",\"contentUrl\":\"https:\\\/\\\/secure.gravatar.com\\\/avatar\\\/e49ad5dffddbe87ae0a1979cf2533336fcc6d2b873ff48a70b47be485b10673f?s=96&d=mm&r=g\",\"caption\":\"H\u00f4pital Notre-Dame \u00e0 la Rose\"},\"url\":\"https:\\\/\\\/www.notredamealarose.be\\\/en\\\/author\\\/notredamealarose\\\/\"}]}<\/script>\n<!-- \/ Yoast SEO plugin. -->","yoast_head_json":{"title":"Improved acces to the PRM in the museum - H\u00f4pital Notre-Dame \u00e0 la Rose - Lessines","robots":{"index":"index","follow":"follow","max-snippet":"max-snippet:-1","max-image-preview":"max-image-preview:large","max-video-preview":"max-video-preview:-1"},"canonical":"https:\/\/www.notredamealarose.be\/amelioration-de-lacces-pmr-au-musee\/","og_locale":"en_US","og_type":"article","og_title":"Improved acces to the PRM in the museum - H\u00f4pital Notre-Dame \u00e0 la Rose - Lessines","og_description":"A project currently underway is expected to optimize the access to the museum for Persons with reduced mobility (PRM).","og_url":"https:\/\/www.notredamealarose.be\/amelioration-de-lacces-pmr-au-musee\/","og_site_name":"H\u00f4pital Notre-Dame \u00e0 la Rose - Lessines","article_published_time":"2023-03-03T14:34:40+00:00","article_modified_time":"2023-04-25T10:12:09+00:00","og_image":[{"width":700,"height":700,"url":"https:\/\/www.notredamealarose.be\/2022\/wp-content\/uploads\/2023\/03\/panneau-handicape-rampe-d-acces.jpg","type":"image\/jpeg"}],"author":"H\u00f4pital Notre-Dame \u00e0 la Rose","twitter_card":"summary_large_image","schema":{"@context":"https:\/\/schema.org","@graph":[{"@type":"Article","@id":"https:\/\/www.notredamealarose.be\/amelioration-de-lacces-pmr-au-musee\/#article","isPartOf":{"@id":"https:\/\/www.notredamealarose.be\/amelioration-de-lacces-pmr-au-musee\/"},"author":{"name":"H\u00f4pital Notre-Dame \u00e0 la Rose","@id":"https:\/\/www.notredamealarose.be\/#\/schema\/person\/0f7dbbf39182c9ab37fcd31674b3f28a"},"headline":"Improved acces to the PRM in the museum","datePublished":"2023-03-03T14:34:40+00:00","dateModified":"2023-04-25T10:12:09+00:00","mainEntityOfPage":{"@id":"https:\/\/www.notredamealarose.be\/amelioration-de-lacces-pmr-au-musee\/"},"wordCount":368,"publisher":{"@id":"https:\/\/www.notredamealarose.be\/#organization"},"image":{"@id":"https:\/\/www.notredamealarose.be\/amelioration-de-lacces-pmr-au-musee\/#primaryimage"},"thumbnailUrl":"https:\/\/www.notredamealarose.be\/2022\/wp-content\/uploads\/2023\/03\/panneau-handicape-rampe-d-acces.jpg","inLanguage":"en-US"},{"@type":"WebPage","@id":"https:\/\/www.notredamealarose.be\/amelioration-de-lacces-pmr-au-musee\/","url":"https:\/\/www.notredamealarose.be\/amelioration-de-lacces-pmr-au-musee\/","name":"Improved acces to the PRM in the museum - H\u00f4pital Notre-Dame \u00e0 la Rose - Lessines","isPartOf":{"@id":"https:\/\/www.notredamealarose.be\/#website"},"primaryImageOfPage":{"@id":"https:\/\/www.notredamealarose.be\/amelioration-de-lacces-pmr-au-musee\/#primaryimage"},"image":{"@id":"https:\/\/www.notredamealarose.be\/amelioration-de-lacces-pmr-au-musee\/#primaryimage"},"thumbnailUrl":"https:\/\/www.notredamealarose.be\/2022\/wp-content\/uploads\/2023\/03\/panneau-handicape-rampe-d-acces.jpg","datePublished":"2023-03-03T14:34:40+00:00","dateModified":"2023-04-25T10:12:09+00:00","breadcrumb":{"@id":"https:\/\/www.notredamealarose.be\/amelioration-de-lacces-pmr-au-musee\/#breadcrumb"},"inLanguage":"en-US","potentialAction":[{"@type":"ReadAction","target":["https:\/\/www.notredamealarose.be\/amelioration-de-lacces-pmr-au-musee\/"]}]},{"@type":"ImageObject","inLanguage":"en-US","@id":"https:\/\/www.notredamealarose.be\/amelioration-de-lacces-pmr-au-musee\/#primaryimage","url":"https:\/\/www.notredamealarose.be\/2022\/wp-content\/uploads\/2023\/03\/panneau-handicape-rampe-d-acces.jpg","contentUrl":"https:\/\/www.notredamealarose.be\/2022\/wp-content\/uploads\/2023\/03\/panneau-handicape-rampe-d-acces.jpg","width":700,"height":700},{"@type":"BreadcrumbList","@id":"https:\/\/www.notredamealarose.be\/amelioration-de-lacces-pmr-au-musee\/#breadcrumb","itemListElement":[{"@type":"ListItem","position":1,"name":"Accueil","item":"https:\/\/www.notredamealarose.be\/en\/"},{"@type":"ListItem","position":2,"name":"Improved acces to the PRM in the museum"}]},{"@type":"WebSite","@id":"https:\/\/www.notredamealarose.be\/#website","url":"https:\/\/www.notredamealarose.be\/","name":"H\u00f4pital Notre-Dame \u00e0 la Rose - Lessines","description":"Un mus\u00e9e magique et hors du temps !","publisher":{"@id":"https:\/\/www.notredamealarose.be\/#organization"},"potentialAction":[{"@type":"SearchAction","target":{"@type":"EntryPoint","urlTemplate":"https:\/\/www.notredamealarose.be\/?s={search_term_string}"},"query-input":{"@type":"PropertyValueSpecification","valueRequired":true,"valueName":"search_term_string"}}],"inLanguage":"en-US"},{"@type":"Organization","@id":"https:\/\/www.notredamealarose.be\/#organization","name":"H\u00f4pital Notre-Dame \u00e0 la Rose - Lessines","url":"https:\/\/www.notredamealarose.be\/","logo":{"@type":"ImageObject","inLanguage":"en-US","@id":"https:\/\/www.notredamealarose.be\/#\/schema\/logo\/image\/","url":"https:\/\/www.notredamealarose.be\/2022\/wp-content\/uploads\/2023\/12\/HNDR-logo-monochrome-neg.png","contentUrl":"https:\/\/www.notredamealarose.be\/2022\/wp-content\/uploads\/2023\/12\/HNDR-logo-monochrome-neg.png","width":1998,"height":1239,"caption":"H\u00f4pital Notre-Dame \u00e0 la Rose - Lessines"},"image":{"@id":"https:\/\/www.notredamealarose.be\/#\/schema\/logo\/image\/"}},{"@type":"Person","@id":"https:\/\/www.notredamealarose.be\/#\/schema\/person\/0f7dbbf39182c9ab37fcd31674b3f28a","name":"H\u00f4pital Notre-Dame \u00e0 la Rose","image":{"@type":"ImageObject","inLanguage":"en-US","@id":"https:\/\/secure.gravatar.com\/avatar\/e49ad5dffddbe87ae0a1979cf2533336fcc6d2b873ff48a70b47be485b10673f?s=96&d=mm&r=g","url":"https:\/\/secure.gravatar.com\/avatar\/e49ad5dffddbe87ae0a1979cf2533336fcc6d2b873ff48a70b47be485b10673f?s=96&d=mm&r=g","contentUrl":"https:\/\/secure.gravatar.com\/avatar\/e49ad5dffddbe87ae0a1979cf2533336fcc6d2b873ff48a70b47be485b10673f?s=96&d=mm&r=g","caption":"H\u00f4pital Notre-Dame \u00e0 la Rose"},"url":"https:\/\/www.notredamealarose.be\/en\/author\/notredamealarose\/"}]}},"jetpack_featured_media_url":"https:\/\/www.notredamealarose.be\/2022\/wp-content\/uploads\/2023\/03\/panneau-handicape-rampe-d-acces.jpg","jetpack_sharing_enabled":true,"_links":{"self":[{"href":"https:\/\/www.notredamealarose.be\/en\/wp-json\/wp\/v2\/posts\/10662","targetHints":{"allow":["GET"]}}],"collection":[{"href":"https:\/\/www.notredamealarose.be\/en\/wp-json\/wp\/v2\/posts"}],"about":[{"href":"https:\/\/www.notredamealarose.be\/en\/wp-json\/wp\/v2\/types\/post"}],"author":[{"embeddable":true,"href":"https:\/\/www.notredamealarose.be\/en\/wp-json\/wp\/v2\/users\/3"}],"replies":[{"embeddable":true,"href":"https:\/\/www.notredamealarose.be\/en\/wp-json\/wp\/v2\/comments?post=10662"}],"version-history":[{"count":1,"href":"https:\/\/www.notredamealarose.be\/en\/wp-json\/wp\/v2\/posts\/10662\/revisions"}],"predecessor-version":[{"id":10663,"href":"https:\/\/www.notredamealarose.be\/en\/wp-json\/wp\/v2\/posts\/10662\/revisions\/10663"}],"wp:featuredmedia":[{"embeddable":true,"href":"https:\/\/www.notredamealarose.be\/en\/wp-json\/wp\/v2\/media\/10477"}],"wp:attachment":[{"href":"https:\/\/www.notredamealarose.be\/en\/wp-json\/wp\/v2\/media?parent=10662"}],"wp:term":[{"taxonomy":"category","embeddable":true,"href":"https:\/\/www.notredamealarose.be\/en\/wp-json\/wp\/v2\/categories?post=10662"},{"taxonomy":"post_tag","embeddable":true,"href":"https:\/\/www.notredamealarose.be\/en\/wp-json\/wp\/v2\/tags?post=10662"}],"curies":[{"name":"wp","href":"https:\/\/api.w.org\/{rel}","templated":true}]}}