{"id":10889,"date":"2023-07-05T14:00:03","date_gmt":"2023-07-05T12:00:03","guid":{"rendered":"https:\/\/www.notredamealarose.be\/?p=10889"},"modified":"2023-07-07T13:43:56","modified_gmt":"2023-07-07T11:43:56","slug":"festival-musica-sacra-12-and-13-08","status":"publish","type":"post","link":"https:\/\/www.notredamealarose.be\/en\/festival-musica-sacra-12-and-13-08\/","title":{"rendered":"Festival &#8216;Musica sacra&#8217;, 12 and 13\/08"},"content":{"rendered":"\n<p><strong>Two days of wonderful music, walks, meals and experiences to remember. More than 7 hours of music &amp; 5 meals\u2026.<\/strong><\/p>\n\n\n\n<p>The 12th edition of the Musica Sacra festival, organized by Rosario in Bi\u00e9v\u00e8ne in collaboration with the Centre culturel Ren\u00e9 Magritte and the Museum Hospital Notre-Dame \u00e0 la Rose in Lessines, celebrates two mystical figures and music lovers who succeeded each other in the 12th and 13th centuries: Hildegard Von Bingen, a woman and abbess who illuminated the 12th century, and Rumi, the Persian poet who died 750 years ago. Two centuries, two cultures, a woman and a man united in their universal passion which returns to us as a universal echo.<\/p>\n\n\n\n<p><strong>Saturday 12 and Sunday 13 August in the Hospital Notre-Dame \u00e0 la Rose<\/strong><\/p>\n\n\n\n<p><strong>SATURDAY<\/strong><\/p>\n\n\n\n<p>Short welcoming at 9 am and first concert at 10 am in the Saint-Peterschurch. <\/p>\n\n\n\n<p>Various concerts will take place on Saturday, as well as conferences by Tristan Driessens, Alexandre Traube, and a visit to the Hospital Notre-Dame \u00e0 la Rose.<br>The last concert of the day on Saturday starts at 8:30 pm in the church.<\/p>\n\n\n\n<p>Musicians and ensembles: Muso and Yukari Nanami, Flores Harmonici and Illuminans Tenebras<\/p>\n\n\n\n<p>Meals : Two meals, one Japanese-inspired at lunch and Syrian cuisine in the evening, with vegan variations, are planned in situ, in tune with the musical atmosphere.<\/p>\n\n\n\n<p><strong>SUNDAY<\/strong><\/p>\n\n\n\n<p>From dawn, at 7:30 am, the first concert of the day awaits the participants in the Saint-Peterschurch. The bulk of Sunday\u2019s programme will be devoted to a walk (+-12km) with musicians Wouter Vandenabeele, Bao Sissoko and Rapha\u00ebl De Cock. At each stage, chosen in emblematic places of Lessines and its region: a concert.<br>In the evening, an exceptional performance of the Kanon Pokajanen by about thirty singers and in a participatory version to which Arvo P\u00e4rt himself intended in 2008.<\/p>\n\n\n\n<p>Musicians and ensembles\u00a0: Toasaves, Wouter Vandenabele, Bao Sissoko, Rapha\u00ebl De Cock, Davide Amodio and the Aquarius Chamber Choir<\/p>\n\n\n\n<p>Meals : A gourmet breakfast at noon and a vegetarian buffet for the evening<\/p>\n\n\n\n<p>Tickets and reservations :<\/p>\n\n\n\n<p><a href=\"https:\/\/www.universe.com\/explore?query=sacra&amp;loc=Lessines,Belgique\">Saturday<\/a><\/p>\n\n\n\n<p><a href=\"https:\/\/www.universe.com\/explore?query=sacra&amp;loc=Lessines,Belgique\">Sunday<\/a><\/p>\n\n\n\n<figure class=\"wp-block-image size-large\"><img loading=\"lazy\" decoding=\"async\" width=\"1024\" height=\"683\" src=\"https:\/\/www.notredamealarose.be\/2022\/wp-content\/uploads\/2023\/07\/Toasaves-1024x683.jpg\" alt=\"\" class=\"wp-image-10863\" srcset=\"https:\/\/www.notredamealarose.be\/2022\/wp-content\/uploads\/2023\/07\/Toasaves-1024x683.jpg 1024w, https:\/\/www.notredamealarose.be\/2022\/wp-content\/uploads\/2023\/07\/Toasaves-300x200.jpg 300w, https:\/\/www.notredamealarose.be\/2022\/wp-content\/uploads\/2023\/07\/Toasaves-768x512.jpg 768w, https:\/\/www.notredamealarose.be\/2022\/wp-content\/uploads\/2023\/07\/Toasaves-1536x1024.jpg 1536w, https:\/\/www.notredamealarose.be\/2022\/wp-content\/uploads\/2023\/07\/Toasaves.jpg 1834w\" sizes=\"auto, (max-width: 1024px) 100vw, 1024px\" \/><\/figure>\n","protected":false},"excerpt":{"rendered":"<p>Two days of wonderful music, walks, meals and experiences to remember. More than 7 hours of music &#038; 5 meals\u2026.<\/p>\n","protected":false},"author":5,"featured_media":10863,"comment_status":"closed","ping_status":"closed","sticky":false,"template":"","format":"standard","meta":{"site-sidebar-layout":"default","site-content-layout":"","ast-site-content-layout":"","site-content-style":"default","site-sidebar-style":"default","ast-global-header-display":"","ast-banner-title-visibility":"","ast-main-header-display":"","ast-hfb-above-header-display":"","ast-hfb-below-header-display":"","ast-hfb-mobile-header-display":"","site-post-title":"","ast-breadcrumbs-content":"","ast-featured-img":"","footer-sml-layout":"","theme-transparent-header-meta":"","adv-header-id-meta":"","stick-header-meta":"","header-above-stick-meta":"","header-main-stick-meta":"","header-below-stick-meta":"","astra-migrate-meta-layouts":"default","ast-page-background-enabled":"default","ast-page-background-meta":{"desktop":{"background-color":"var(--ast-global-color-4)","background-image":"","background-repeat":"repeat","background-position":"center center","background-size":"auto","background-attachment":"scroll","background-type":"","background-media":"","overlay-type":"","overlay-color":"","overlay-gradient":""},"tablet":{"background-color":"","background-image":"","background-repeat":"repeat","background-position":"center center","background-size":"auto","background-attachment":"scroll","background-type":"","background-media":"","overlay-type":"","overlay-color":"","overlay-gradient":""},"mobile":{"background-color":"","background-image":"","background-repeat":"repeat","background-position":"center center","background-size":"auto","background-attachment":"scroll","background-type":"","background-media":"","overlay-type":"","overlay-color":"","overlay-gradient":""}},"ast-content-background-meta":{"desktop":{"background-color":"var(--ast-global-color-5)","background-image":"","background-repeat":"repeat","background-position":"center center","background-size":"auto","background-attachment":"scroll","background-type":"","background-media":"","overlay-type":"","overlay-color":"","overlay-gradient":""},"tablet":{"background-color":"var(--ast-global-color-5)","background-image":"","background-repeat":"repeat","background-position":"center center","background-size":"auto","background-attachment":"scroll","background-type":"","background-media":"","overlay-type":"","overlay-color":"","overlay-gradient":""},"mobile":{"background-color":"var(--ast-global-color-5)","background-image":"","background-repeat":"repeat","background-position":"center center","background-size":"auto","background-attachment":"scroll","background-type":"","background-media":"","overlay-type":"","overlay-color":"","overlay-gradient":""}},"_price":"","_stock":"","_tribe_ticket_header":"","_tribe_default_ticket_provider":"","_tribe_ticket_capacity":"0","_ticket_start_date":"","_ticket_end_date":"","_tribe_ticket_show_description":"","_tribe_ticket_show_not_going":false,"_tribe_ticket_use_global_stock":"","_tribe_ticket_global_stock_level":"","_global_stock_mode":"","_global_stock_cap":"","_tribe_rsvp_for_event":"","_tribe_ticket_going_count":"","_tribe_ticket_not_going_count":"","_tribe_tickets_list":"[]","_tribe_ticket_has_attendee_info_fields":false,"_jetpack_memberships_contains_paid_content":false,"footnotes":""},"categories":[47],"tags":[],"class_list":["post-10889","post","type-post","status-publish","format-standard","has-post-thumbnail","hentry","category-animations-en"],"yoast_head":"<!-- This site is optimized with the Yoast SEO plugin v27.4 - https:\/\/yoast.com\/product\/yoast-seo-wordpress\/ -->\n<title>Festival &#039;Musica sacra&#039;, 12 and 13\/08 - H\u00f4pital Notre-Dame \u00e0 la Rose - Lessines<\/title>\n<meta name=\"robots\" content=\"index, follow, max-snippet:-1, max-image-preview:large, max-video-preview:-1\" \/>\n<link rel=\"canonical\" href=\"https:\/\/www.notredamealarose.be\/festival-musica-sacra-le-12-et-13-08\/\" \/>\n<meta property=\"og:locale\" content=\"en_US\" \/>\n<meta property=\"og:type\" content=\"article\" \/>\n<meta property=\"og:title\" content=\"Festival &#039;Musica sacra&#039;, 12 and 13\/08 - H\u00f4pital Notre-Dame \u00e0 la Rose - Lessines\" \/>\n<meta property=\"og:description\" content=\"Two days of wonderful music, walks, meals and experiences to remember. More than 7 hours of music &amp; 5 meals\u2026.\" \/>\n<meta property=\"og:url\" content=\"https:\/\/www.notredamealarose.be\/festival-musica-sacra-le-12-et-13-08\/\" \/>\n<meta property=\"og:site_name\" content=\"H\u00f4pital Notre-Dame \u00e0 la Rose - Lessines\" \/>\n<meta property=\"article:published_time\" content=\"2023-07-05T12:00:03+00:00\" \/>\n<meta property=\"article:modified_time\" content=\"2023-07-07T11:43:56+00:00\" \/>\n<meta property=\"og:image\" content=\"https:\/\/www.notredamealarose.be\/2022\/wp-content\/uploads\/2023\/07\/Toasaves.jpg\" \/>\n\t<meta property=\"og:image:width\" content=\"1834\" \/>\n\t<meta property=\"og:image:height\" content=\"1223\" \/>\n\t<meta property=\"og:image:type\" content=\"image\/jpeg\" \/>\n<meta name=\"author\" content=\"Notre-Dame \u00e0 la Rose\" \/>\n<meta name=\"twitter:card\" content=\"summary_large_image\" \/>\n<script type=\"application\/ld+json\" class=\"yoast-schema-graph\">{\"@context\":\"https:\\\/\\\/schema.org\",\"@graph\":[{\"@type\":\"Article\",\"@id\":\"https:\\\/\\\/www.notredamealarose.be\\\/festival-musica-sacra-le-12-et-13-08\\\/#article\",\"isPartOf\":{\"@id\":\"https:\\\/\\\/www.notredamealarose.be\\\/festival-musica-sacra-le-12-et-13-08\\\/\"},\"author\":{\"name\":\"Notre-Dame \u00e0 la Rose\",\"@id\":\"https:\\\/\\\/www.notredamealarose.be\\\/#\\\/schema\\\/person\\\/64c47bac3f3c6bf64a54e17c505d51af\"},\"headline\":\"Festival &#8216;Musica sacra&#8217;, 12 and 13\\\/08\",\"datePublished\":\"2023-07-05T12:00:03+00:00\",\"dateModified\":\"2023-07-07T11:43:56+00:00\",\"mainEntityOfPage\":{\"@id\":\"https:\\\/\\\/www.notredamealarose.be\\\/festival-musica-sacra-le-12-et-13-08\\\/\"},\"wordCount\":334,\"publisher\":{\"@id\":\"https:\\\/\\\/www.notredamealarose.be\\\/#organization\"},\"image\":{\"@id\":\"https:\\\/\\\/www.notredamealarose.be\\\/festival-musica-sacra-le-12-et-13-08\\\/#primaryimage\"},\"thumbnailUrl\":\"https:\\\/\\\/www.notredamealarose.be\\\/2022\\\/wp-content\\\/uploads\\\/2023\\\/07\\\/Toasaves.jpg\",\"articleSection\":[\"Animations\"],\"inLanguage\":\"en-US\"},{\"@type\":\"WebPage\",\"@id\":\"https:\\\/\\\/www.notredamealarose.be\\\/festival-musica-sacra-le-12-et-13-08\\\/\",\"url\":\"https:\\\/\\\/www.notredamealarose.be\\\/festival-musica-sacra-le-12-et-13-08\\\/\",\"name\":\"Festival 'Musica sacra', 12 and 13\\\/08 - H\u00f4pital Notre-Dame \u00e0 la Rose - Lessines\",\"isPartOf\":{\"@id\":\"https:\\\/\\\/www.notredamealarose.be\\\/#website\"},\"primaryImageOfPage\":{\"@id\":\"https:\\\/\\\/www.notredamealarose.be\\\/festival-musica-sacra-le-12-et-13-08\\\/#primaryimage\"},\"image\":{\"@id\":\"https:\\\/\\\/www.notredamealarose.be\\\/festival-musica-sacra-le-12-et-13-08\\\/#primaryimage\"},\"thumbnailUrl\":\"https:\\\/\\\/www.notredamealarose.be\\\/2022\\\/wp-content\\\/uploads\\\/2023\\\/07\\\/Toasaves.jpg\",\"datePublished\":\"2023-07-05T12:00:03+00:00\",\"dateModified\":\"2023-07-07T11:43:56+00:00\",\"breadcrumb\":{\"@id\":\"https:\\\/\\\/www.notredamealarose.be\\\/festival-musica-sacra-le-12-et-13-08\\\/#breadcrumb\"},\"inLanguage\":\"en-US\",\"potentialAction\":[{\"@type\":\"ReadAction\",\"target\":[\"https:\\\/\\\/www.notredamealarose.be\\\/festival-musica-sacra-le-12-et-13-08\\\/\"]}]},{\"@type\":\"ImageObject\",\"inLanguage\":\"en-US\",\"@id\":\"https:\\\/\\\/www.notredamealarose.be\\\/festival-musica-sacra-le-12-et-13-08\\\/#primaryimage\",\"url\":\"https:\\\/\\\/www.notredamealarose.be\\\/2022\\\/wp-content\\\/uploads\\\/2023\\\/07\\\/Toasaves.jpg\",\"contentUrl\":\"https:\\\/\\\/www.notredamealarose.be\\\/2022\\\/wp-content\\\/uploads\\\/2023\\\/07\\\/Toasaves.jpg\",\"width\":1834,\"height\":1223},{\"@type\":\"BreadcrumbList\",\"@id\":\"https:\\\/\\\/www.notredamealarose.be\\\/festival-musica-sacra-le-12-et-13-08\\\/#breadcrumb\",\"itemListElement\":[{\"@type\":\"ListItem\",\"position\":1,\"name\":\"Accueil\",\"item\":\"https:\\\/\\\/www.notredamealarose.be\\\/en\\\/\"},{\"@type\":\"ListItem\",\"position\":2,\"name\":\"Festival &lsquo;Musica sacra&rsquo;, 12 and 13\\\/08\"}]},{\"@type\":\"WebSite\",\"@id\":\"https:\\\/\\\/www.notredamealarose.be\\\/#website\",\"url\":\"https:\\\/\\\/www.notredamealarose.be\\\/\",\"name\":\"H\u00f4pital Notre-Dame \u00e0 la Rose - Lessines\",\"description\":\"Un mus\u00e9e magique et hors du temps !\",\"publisher\":{\"@id\":\"https:\\\/\\\/www.notredamealarose.be\\\/#organization\"},\"potentialAction\":[{\"@type\":\"SearchAction\",\"target\":{\"@type\":\"EntryPoint\",\"urlTemplate\":\"https:\\\/\\\/www.notredamealarose.be\\\/?s={search_term_string}\"},\"query-input\":{\"@type\":\"PropertyValueSpecification\",\"valueRequired\":true,\"valueName\":\"search_term_string\"}}],\"inLanguage\":\"en-US\"},{\"@type\":\"Organization\",\"@id\":\"https:\\\/\\\/www.notredamealarose.be\\\/#organization\",\"name\":\"H\u00f4pital Notre-Dame \u00e0 la Rose - Lessines\",\"url\":\"https:\\\/\\\/www.notredamealarose.be\\\/\",\"logo\":{\"@type\":\"ImageObject\",\"inLanguage\":\"en-US\",\"@id\":\"https:\\\/\\\/www.notredamealarose.be\\\/#\\\/schema\\\/logo\\\/image\\\/\",\"url\":\"https:\\\/\\\/www.notredamealarose.be\\\/2022\\\/wp-content\\\/uploads\\\/2023\\\/12\\\/HNDR-logo-monochrome-neg.png\",\"contentUrl\":\"https:\\\/\\\/www.notredamealarose.be\\\/2022\\\/wp-content\\\/uploads\\\/2023\\\/12\\\/HNDR-logo-monochrome-neg.png\",\"width\":1998,\"height\":1239,\"caption\":\"H\u00f4pital Notre-Dame \u00e0 la Rose - Lessines\"},\"image\":{\"@id\":\"https:\\\/\\\/www.notredamealarose.be\\\/#\\\/schema\\\/logo\\\/image\\\/\"}},{\"@type\":\"Person\",\"@id\":\"https:\\\/\\\/www.notredamealarose.be\\\/#\\\/schema\\\/person\\\/64c47bac3f3c6bf64a54e17c505d51af\",\"name\":\"Notre-Dame \u00e0 la Rose\",\"image\":{\"@type\":\"ImageObject\",\"inLanguage\":\"en-US\",\"@id\":\"https:\\\/\\\/secure.gravatar.com\\\/avatar\\\/540a241dcd47fae99f27f3c3dfa85e3ee44b37d333203fb2605ac519be628248?s=96&d=mm&r=g\",\"url\":\"https:\\\/\\\/secure.gravatar.com\\\/avatar\\\/540a241dcd47fae99f27f3c3dfa85e3ee44b37d333203fb2605ac519be628248?s=96&d=mm&r=g\",\"contentUrl\":\"https:\\\/\\\/secure.gravatar.com\\\/avatar\\\/540a241dcd47fae99f27f3c3dfa85e3ee44b37d333203fb2605ac519be628248?s=96&d=mm&r=g\",\"caption\":\"Notre-Dame \u00e0 la Rose\"},\"url\":\"https:\\\/\\\/www.notredamealarose.be\\\/en\\\/author\\\/elise\\\/\"}]}<\/script>\n<!-- \/ Yoast SEO plugin. -->","yoast_head_json":{"title":"Festival 'Musica sacra', 12 and 13\/08 - H\u00f4pital Notre-Dame \u00e0 la Rose - Lessines","robots":{"index":"index","follow":"follow","max-snippet":"max-snippet:-1","max-image-preview":"max-image-preview:large","max-video-preview":"max-video-preview:-1"},"canonical":"https:\/\/www.notredamealarose.be\/festival-musica-sacra-le-12-et-13-08\/","og_locale":"en_US","og_type":"article","og_title":"Festival 'Musica sacra', 12 and 13\/08 - H\u00f4pital Notre-Dame \u00e0 la Rose - Lessines","og_description":"Two days of wonderful music, walks, meals and experiences to remember. More than 7 hours of music & 5 meals\u2026.","og_url":"https:\/\/www.notredamealarose.be\/festival-musica-sacra-le-12-et-13-08\/","og_site_name":"H\u00f4pital Notre-Dame \u00e0 la Rose - Lessines","article_published_time":"2023-07-05T12:00:03+00:00","article_modified_time":"2023-07-07T11:43:56+00:00","og_image":[{"width":1834,"height":1223,"url":"https:\/\/www.notredamealarose.be\/2022\/wp-content\/uploads\/2023\/07\/Toasaves.jpg","type":"image\/jpeg"}],"author":"Notre-Dame \u00e0 la Rose","twitter_card":"summary_large_image","schema":{"@context":"https:\/\/schema.org","@graph":[{"@type":"Article","@id":"https:\/\/www.notredamealarose.be\/festival-musica-sacra-le-12-et-13-08\/#article","isPartOf":{"@id":"https:\/\/www.notredamealarose.be\/festival-musica-sacra-le-12-et-13-08\/"},"author":{"name":"Notre-Dame \u00e0 la Rose","@id":"https:\/\/www.notredamealarose.be\/#\/schema\/person\/64c47bac3f3c6bf64a54e17c505d51af"},"headline":"Festival &#8216;Musica sacra&#8217;, 12 and 13\/08","datePublished":"2023-07-05T12:00:03+00:00","dateModified":"2023-07-07T11:43:56+00:00","mainEntityOfPage":{"@id":"https:\/\/www.notredamealarose.be\/festival-musica-sacra-le-12-et-13-08\/"},"wordCount":334,"publisher":{"@id":"https:\/\/www.notredamealarose.be\/#organization"},"image":{"@id":"https:\/\/www.notredamealarose.be\/festival-musica-sacra-le-12-et-13-08\/#primaryimage"},"thumbnailUrl":"https:\/\/www.notredamealarose.be\/2022\/wp-content\/uploads\/2023\/07\/Toasaves.jpg","articleSection":["Animations"],"inLanguage":"en-US"},{"@type":"WebPage","@id":"https:\/\/www.notredamealarose.be\/festival-musica-sacra-le-12-et-13-08\/","url":"https:\/\/www.notredamealarose.be\/festival-musica-sacra-le-12-et-13-08\/","name":"Festival 'Musica sacra', 12 and 13\/08 - H\u00f4pital Notre-Dame \u00e0 la Rose - Lessines","isPartOf":{"@id":"https:\/\/www.notredamealarose.be\/#website"},"primaryImageOfPage":{"@id":"https:\/\/www.notredamealarose.be\/festival-musica-sacra-le-12-et-13-08\/#primaryimage"},"image":{"@id":"https:\/\/www.notredamealarose.be\/festival-musica-sacra-le-12-et-13-08\/#primaryimage"},"thumbnailUrl":"https:\/\/www.notredamealarose.be\/2022\/wp-content\/uploads\/2023\/07\/Toasaves.jpg","datePublished":"2023-07-05T12:00:03+00:00","dateModified":"2023-07-07T11:43:56+00:00","breadcrumb":{"@id":"https:\/\/www.notredamealarose.be\/festival-musica-sacra-le-12-et-13-08\/#breadcrumb"},"inLanguage":"en-US","potentialAction":[{"@type":"ReadAction","target":["https:\/\/www.notredamealarose.be\/festival-musica-sacra-le-12-et-13-08\/"]}]},{"@type":"ImageObject","inLanguage":"en-US","@id":"https:\/\/www.notredamealarose.be\/festival-musica-sacra-le-12-et-13-08\/#primaryimage","url":"https:\/\/www.notredamealarose.be\/2022\/wp-content\/uploads\/2023\/07\/Toasaves.jpg","contentUrl":"https:\/\/www.notredamealarose.be\/2022\/wp-content\/uploads\/2023\/07\/Toasaves.jpg","width":1834,"height":1223},{"@type":"BreadcrumbList","@id":"https:\/\/www.notredamealarose.be\/festival-musica-sacra-le-12-et-13-08\/#breadcrumb","itemListElement":[{"@type":"ListItem","position":1,"name":"Accueil","item":"https:\/\/www.notredamealarose.be\/en\/"},{"@type":"ListItem","position":2,"name":"Festival &lsquo;Musica sacra&rsquo;, 12 and 13\/08"}]},{"@type":"WebSite","@id":"https:\/\/www.notredamealarose.be\/#website","url":"https:\/\/www.notredamealarose.be\/","name":"H\u00f4pital Notre-Dame \u00e0 la Rose - Lessines","description":"Un mus\u00e9e magique et hors du temps !","publisher":{"@id":"https:\/\/www.notredamealarose.be\/#organization"},"potentialAction":[{"@type":"SearchAction","target":{"@type":"EntryPoint","urlTemplate":"https:\/\/www.notredamealarose.be\/?s={search_term_string}"},"query-input":{"@type":"PropertyValueSpecification","valueRequired":true,"valueName":"search_term_string"}}],"inLanguage":"en-US"},{"@type":"Organization","@id":"https:\/\/www.notredamealarose.be\/#organization","name":"H\u00f4pital Notre-Dame \u00e0 la Rose - Lessines","url":"https:\/\/www.notredamealarose.be\/","logo":{"@type":"ImageObject","inLanguage":"en-US","@id":"https:\/\/www.notredamealarose.be\/#\/schema\/logo\/image\/","url":"https:\/\/www.notredamealarose.be\/2022\/wp-content\/uploads\/2023\/12\/HNDR-logo-monochrome-neg.png","contentUrl":"https:\/\/www.notredamealarose.be\/2022\/wp-content\/uploads\/2023\/12\/HNDR-logo-monochrome-neg.png","width":1998,"height":1239,"caption":"H\u00f4pital Notre-Dame \u00e0 la Rose - Lessines"},"image":{"@id":"https:\/\/www.notredamealarose.be\/#\/schema\/logo\/image\/"}},{"@type":"Person","@id":"https:\/\/www.notredamealarose.be\/#\/schema\/person\/64c47bac3f3c6bf64a54e17c505d51af","name":"Notre-Dame \u00e0 la Rose","image":{"@type":"ImageObject","inLanguage":"en-US","@id":"https:\/\/secure.gravatar.com\/avatar\/540a241dcd47fae99f27f3c3dfa85e3ee44b37d333203fb2605ac519be628248?s=96&d=mm&r=g","url":"https:\/\/secure.gravatar.com\/avatar\/540a241dcd47fae99f27f3c3dfa85e3ee44b37d333203fb2605ac519be628248?s=96&d=mm&r=g","contentUrl":"https:\/\/secure.gravatar.com\/avatar\/540a241dcd47fae99f27f3c3dfa85e3ee44b37d333203fb2605ac519be628248?s=96&d=mm&r=g","caption":"Notre-Dame \u00e0 la Rose"},"url":"https:\/\/www.notredamealarose.be\/en\/author\/elise\/"}]}},"jetpack_featured_media_url":"https:\/\/www.notredamealarose.be\/2022\/wp-content\/uploads\/2023\/07\/Toasaves.jpg","jetpack_sharing_enabled":true,"_links":{"self":[{"href":"https:\/\/www.notredamealarose.be\/en\/wp-json\/wp\/v2\/posts\/10889","targetHints":{"allow":["GET"]}}],"collection":[{"href":"https:\/\/www.notredamealarose.be\/en\/wp-json\/wp\/v2\/posts"}],"about":[{"href":"https:\/\/www.notredamealarose.be\/en\/wp-json\/wp\/v2\/types\/post"}],"author":[{"embeddable":true,"href":"https:\/\/www.notredamealarose.be\/en\/wp-json\/wp\/v2\/users\/5"}],"replies":[{"embeddable":true,"href":"https:\/\/www.notredamealarose.be\/en\/wp-json\/wp\/v2\/comments?post=10889"}],"version-history":[{"count":5,"href":"https:\/\/www.notredamealarose.be\/en\/wp-json\/wp\/v2\/posts\/10889\/revisions"}],"predecessor-version":[{"id":10894,"href":"https:\/\/www.notredamealarose.be\/en\/wp-json\/wp\/v2\/posts\/10889\/revisions\/10894"}],"wp:featuredmedia":[{"embeddable":true,"href":"https:\/\/www.notredamealarose.be\/en\/wp-json\/wp\/v2\/media\/10863"}],"wp:attachment":[{"href":"https:\/\/www.notredamealarose.be\/en\/wp-json\/wp\/v2\/media?parent=10889"}],"wp:term":[{"taxonomy":"category","embeddable":true,"href":"https:\/\/www.notredamealarose.be\/en\/wp-json\/wp\/v2\/categories?post=10889"},{"taxonomy":"post_tag","embeddable":true,"href":"https:\/\/www.notredamealarose.be\/en\/wp-json\/wp\/v2\/tags?post=10889"}],"curies":[{"name":"wp","href":"https:\/\/api.w.org\/{rel}","templated":true}]}}