{"id":9596,"date":"2022-11-24T17:05:26","date_gmt":"2022-11-24T16:05:26","guid":{"rendered":"https:\/\/www.notredamealarose.be\/annual-closure-2\/"},"modified":"2022-12-14T16:36:26","modified_gmt":"2022-12-14T15:36:26","slug":"annual-closure-2","status":"publish","type":"post","link":"https:\/\/www.notredamealarose.be\/en\/annual-closure-2\/","title":{"rendered":"Annual closure"},"content":{"rendered":"\n<p>Dear visitors<\/p>\n\n<p>The museum will be closed from Friday 23 to Monday 26 December inclusive and from Friday 30 December to Tuesday 3 January inclusive. <\/p>\n\n<p>The museum will therefore be open from Tuesday 27 to Thursday 29 December. <\/p>\n\n<p>Do not hesitate to come and visit us on this occasion.<\/p>\n\n<p>Entrance through the farm yard, Rue des 4 Fils Aymon n\u00b021.<\/p>\n\n<figure class=\"wp-block-image size-full\"><img loading=\"lazy\" decoding=\"async\" width=\"1000\" height=\"665\" src=\"https:\/\/www.notredamealarose.be\/2022\/wp-content\/uploads\/2022\/12\/Voeux-1000x665-1.jpg\" alt=\"\" class=\"wp-image-9823\" srcset=\"https:\/\/www.notredamealarose.be\/2022\/wp-content\/uploads\/2022\/12\/Voeux-1000x665-1.jpg 1000w, https:\/\/www.notredamealarose.be\/2022\/wp-content\/uploads\/2022\/12\/Voeux-1000x665-1-300x200.jpg 300w, https:\/\/www.notredamealarose.be\/2022\/wp-content\/uploads\/2022\/12\/Voeux-1000x665-1-768x511.jpg 768w\" sizes=\"auto, (max-width: 1000px) 100vw, 1000px\" \/><\/figure>","protected":false},"excerpt":{"rendered":"<p>Dear visitors The museum will be closed from Friday 23 to Monday 26 December inclusive and from Friday 30 December to Tuesday 3 January inclusive. The museum will therefore be open from Tuesday 27 to Thursday 29 December. Do not hesitate to come and visit us on this occasion. Entrance through the farm yard, Rue [&hellip;]<\/p>\n","protected":false},"author":2,"featured_media":9825,"comment_status":"closed","ping_status":"closed","sticky":false,"template":"","format":"standard","meta":{"site-sidebar-layout":"default","site-content-layout":"","ast-site-content-layout":"","site-content-style":"default","site-sidebar-style":"default","ast-global-header-display":"","ast-banner-title-visibility":"","ast-main-header-display":"","ast-hfb-above-header-display":"","ast-hfb-below-header-display":"","ast-hfb-mobile-header-display":"","site-post-title":"","ast-breadcrumbs-content":"","ast-featured-img":"","footer-sml-layout":"","theme-transparent-header-meta":"","adv-header-id-meta":"","stick-header-meta":"","header-above-stick-meta":"","header-main-stick-meta":"","header-below-stick-meta":"","astra-migrate-meta-layouts":"default","ast-page-background-enabled":"default","ast-page-background-meta":{"desktop":{"background-color":"var(--ast-global-color-4)","background-image":"","background-repeat":"repeat","background-position":"center center","background-size":"auto","background-attachment":"scroll","background-type":"","background-media":"","overlay-type":"","overlay-color":"","overlay-gradient":""},"tablet":{"background-color":"","background-image":"","background-repeat":"repeat","background-position":"center center","background-size":"auto","background-attachment":"scroll","background-type":"","background-media":"","overlay-type":"","overlay-color":"","overlay-gradient":""},"mobile":{"background-color":"","background-image":"","background-repeat":"repeat","background-position":"center center","background-size":"auto","background-attachment":"scroll","background-type":"","background-media":"","overlay-type":"","overlay-color":"","overlay-gradient":""}},"ast-content-background-meta":{"desktop":{"background-color":"var(--ast-global-color-5)","background-image":"","background-repeat":"repeat","background-position":"center center","background-size":"auto","background-attachment":"scroll","background-type":"","background-media":"","overlay-type":"","overlay-color":"","overlay-gradient":""},"tablet":{"background-color":"var(--ast-global-color-5)","background-image":"","background-repeat":"repeat","background-position":"center center","background-size":"auto","background-attachment":"scroll","background-type":"","background-media":"","overlay-type":"","overlay-color":"","overlay-gradient":""},"mobile":{"background-color":"var(--ast-global-color-5)","background-image":"","background-repeat":"repeat","background-position":"center center","background-size":"auto","background-attachment":"scroll","background-type":"","background-media":"","overlay-type":"","overlay-color":"","overlay-gradient":""}},"_price":"","_stock":"","_tribe_ticket_header":"","_tribe_default_ticket_provider":"","_tribe_ticket_capacity":"0","_ticket_start_date":"","_ticket_end_date":"","_tribe_ticket_show_description":"","_tribe_ticket_show_not_going":false,"_tribe_ticket_use_global_stock":"","_tribe_ticket_global_stock_level":"","_global_stock_mode":"","_global_stock_cap":"","_tribe_rsvp_for_event":"","_tribe_ticket_going_count":"","_tribe_ticket_not_going_count":"","_tribe_tickets_list":"[]","_tribe_ticket_has_attendee_info_fields":false,"_jetpack_memberships_contains_paid_content":false,"footnotes":""},"categories":[],"tags":[],"class_list":["post-9596","post","type-post","status-publish","format-standard","has-post-thumbnail","hentry"],"yoast_head":"<!-- This site is optimized with the Yoast SEO plugin v27.4 - https:\/\/yoast.com\/product\/yoast-seo-wordpress\/ -->\n<title>Annual closure - H\u00f4pital Notre-Dame \u00e0 la Rose - Lessines<\/title>\n<meta name=\"robots\" content=\"index, follow, max-snippet:-1, max-image-preview:large, max-video-preview:-1\" \/>\n<link rel=\"canonical\" href=\"https:\/\/www.notredamealarose.be\/en\/annual-closure-2\/\" \/>\n<meta property=\"og:locale\" content=\"en_US\" \/>\n<meta property=\"og:type\" content=\"article\" \/>\n<meta property=\"og:title\" content=\"Annual closure - H\u00f4pital Notre-Dame \u00e0 la Rose - Lessines\" \/>\n<meta property=\"og:description\" content=\"Dear visitors The museum will be closed from Friday 23 to Monday 26 December inclusive and from Friday 30 December to Tuesday 3 January inclusive. The museum will therefore be open from Tuesday 27 to Thursday 29 December. Do not hesitate to come and visit us on this occasion. Entrance through the farm yard, Rue [&hellip;]\" \/>\n<meta property=\"og:url\" content=\"https:\/\/www.notredamealarose.be\/en\/annual-closure-2\/\" \/>\n<meta property=\"og:site_name\" content=\"H\u00f4pital Notre-Dame \u00e0 la Rose - Lessines\" \/>\n<meta property=\"article:published_time\" content=\"2022-11-24T16:05:26+00:00\" \/>\n<meta property=\"article:modified_time\" content=\"2022-12-14T15:36:26+00:00\" \/>\n<meta property=\"og:image\" content=\"https:\/\/www.notredamealarose.be\/2022\/wp-content\/uploads\/2022\/12\/Voeux-1000x665-1.jpg\" \/>\n\t<meta property=\"og:image:width\" content=\"1000\" \/>\n\t<meta property=\"og:image:height\" content=\"665\" \/>\n\t<meta property=\"og:image:type\" content=\"image\/jpeg\" \/>\n<meta name=\"author\" content=\"Mus\u00e9e\" \/>\n<meta name=\"twitter:card\" content=\"summary_large_image\" \/>\n<script type=\"application\/ld+json\" class=\"yoast-schema-graph\">{\"@context\":\"https:\\\/\\\/schema.org\",\"@graph\":[{\"@type\":\"Article\",\"@id\":\"https:\\\/\\\/www.notredamealarose.be\\\/en\\\/annual-closure-2\\\/#article\",\"isPartOf\":{\"@id\":\"https:\\\/\\\/www.notredamealarose.be\\\/en\\\/annual-closure-2\\\/\"},\"author\":{\"name\":\"Mus\u00e9e\",\"@id\":\"https:\\\/\\\/www.notredamealarose.be\\\/#\\\/schema\\\/person\\\/3a0a461049a481d42e8ad6f61694678d\"},\"headline\":\"Annual closure\",\"datePublished\":\"2022-11-24T16:05:26+00:00\",\"dateModified\":\"2022-12-14T15:36:26+00:00\",\"mainEntityOfPage\":{\"@id\":\"https:\\\/\\\/www.notredamealarose.be\\\/en\\\/annual-closure-2\\\/\"},\"wordCount\":55,\"publisher\":{\"@id\":\"https:\\\/\\\/www.notredamealarose.be\\\/#organization\"},\"image\":{\"@id\":\"https:\\\/\\\/www.notredamealarose.be\\\/en\\\/annual-closure-2\\\/#primaryimage\"},\"thumbnailUrl\":\"https:\\\/\\\/www.notredamealarose.be\\\/2022\\\/wp-content\\\/uploads\\\/2022\\\/12\\\/Voeux-1000x665-1.jpg\",\"inLanguage\":\"en-US\"},{\"@type\":\"WebPage\",\"@id\":\"https:\\\/\\\/www.notredamealarose.be\\\/en\\\/annual-closure-2\\\/\",\"url\":\"https:\\\/\\\/www.notredamealarose.be\\\/en\\\/annual-closure-2\\\/\",\"name\":\"Annual closure - H\u00f4pital Notre-Dame \u00e0 la Rose - Lessines\",\"isPartOf\":{\"@id\":\"https:\\\/\\\/www.notredamealarose.be\\\/#website\"},\"primaryImageOfPage\":{\"@id\":\"https:\\\/\\\/www.notredamealarose.be\\\/en\\\/annual-closure-2\\\/#primaryimage\"},\"image\":{\"@id\":\"https:\\\/\\\/www.notredamealarose.be\\\/en\\\/annual-closure-2\\\/#primaryimage\"},\"thumbnailUrl\":\"https:\\\/\\\/www.notredamealarose.be\\\/2022\\\/wp-content\\\/uploads\\\/2022\\\/12\\\/Voeux-1000x665-1.jpg\",\"datePublished\":\"2022-11-24T16:05:26+00:00\",\"dateModified\":\"2022-12-14T15:36:26+00:00\",\"breadcrumb\":{\"@id\":\"https:\\\/\\\/www.notredamealarose.be\\\/en\\\/annual-closure-2\\\/#breadcrumb\"},\"inLanguage\":\"en-US\",\"potentialAction\":[{\"@type\":\"ReadAction\",\"target\":[\"https:\\\/\\\/www.notredamealarose.be\\\/en\\\/annual-closure-2\\\/\"]}]},{\"@type\":\"ImageObject\",\"inLanguage\":\"en-US\",\"@id\":\"https:\\\/\\\/www.notredamealarose.be\\\/en\\\/annual-closure-2\\\/#primaryimage\",\"url\":\"https:\\\/\\\/www.notredamealarose.be\\\/2022\\\/wp-content\\\/uploads\\\/2022\\\/12\\\/Voeux-1000x665-1.jpg\",\"contentUrl\":\"https:\\\/\\\/www.notredamealarose.be\\\/2022\\\/wp-content\\\/uploads\\\/2022\\\/12\\\/Voeux-1000x665-1.jpg\",\"width\":1000,\"height\":665},{\"@type\":\"BreadcrumbList\",\"@id\":\"https:\\\/\\\/www.notredamealarose.be\\\/en\\\/annual-closure-2\\\/#breadcrumb\",\"itemListElement\":[{\"@type\":\"ListItem\",\"position\":1,\"name\":\"Accueil\",\"item\":\"https:\\\/\\\/www.notredamealarose.be\\\/en\\\/\"},{\"@type\":\"ListItem\",\"position\":2,\"name\":\"Annual closure\"}]},{\"@type\":\"WebSite\",\"@id\":\"https:\\\/\\\/www.notredamealarose.be\\\/#website\",\"url\":\"https:\\\/\\\/www.notredamealarose.be\\\/\",\"name\":\"H\u00f4pital Notre-Dame \u00e0 la Rose - Lessines\",\"description\":\"Un mus\u00e9e magique et hors du temps !\",\"publisher\":{\"@id\":\"https:\\\/\\\/www.notredamealarose.be\\\/#organization\"},\"potentialAction\":[{\"@type\":\"SearchAction\",\"target\":{\"@type\":\"EntryPoint\",\"urlTemplate\":\"https:\\\/\\\/www.notredamealarose.be\\\/?s={search_term_string}\"},\"query-input\":{\"@type\":\"PropertyValueSpecification\",\"valueRequired\":true,\"valueName\":\"search_term_string\"}}],\"inLanguage\":\"en-US\"},{\"@type\":\"Organization\",\"@id\":\"https:\\\/\\\/www.notredamealarose.be\\\/#organization\",\"name\":\"H\u00f4pital Notre-Dame \u00e0 la Rose - Lessines\",\"url\":\"https:\\\/\\\/www.notredamealarose.be\\\/\",\"logo\":{\"@type\":\"ImageObject\",\"inLanguage\":\"en-US\",\"@id\":\"https:\\\/\\\/www.notredamealarose.be\\\/#\\\/schema\\\/logo\\\/image\\\/\",\"url\":\"https:\\\/\\\/www.notredamealarose.be\\\/2022\\\/wp-content\\\/uploads\\\/2023\\\/12\\\/HNDR-logo-monochrome-neg.png\",\"contentUrl\":\"https:\\\/\\\/www.notredamealarose.be\\\/2022\\\/wp-content\\\/uploads\\\/2023\\\/12\\\/HNDR-logo-monochrome-neg.png\",\"width\":1998,\"height\":1239,\"caption\":\"H\u00f4pital Notre-Dame \u00e0 la Rose - Lessines\"},\"image\":{\"@id\":\"https:\\\/\\\/www.notredamealarose.be\\\/#\\\/schema\\\/logo\\\/image\\\/\"}},{\"@type\":\"Person\",\"@id\":\"https:\\\/\\\/www.notredamealarose.be\\\/#\\\/schema\\\/person\\\/3a0a461049a481d42e8ad6f61694678d\",\"name\":\"Mus\u00e9e\",\"image\":{\"@type\":\"ImageObject\",\"inLanguage\":\"en-US\",\"@id\":\"https:\\\/\\\/secure.gravatar.com\\\/avatar\\\/d59e3c407838667b10d1f1e213a4b001755f76ec2c46053968d78e5edb94fd0e?s=96&d=mm&r=g\",\"url\":\"https:\\\/\\\/secure.gravatar.com\\\/avatar\\\/d59e3c407838667b10d1f1e213a4b001755f76ec2c46053968d78e5edb94fd0e?s=96&d=mm&r=g\",\"contentUrl\":\"https:\\\/\\\/secure.gravatar.com\\\/avatar\\\/d59e3c407838667b10d1f1e213a4b001755f76ec2c46053968d78e5edb94fd0e?s=96&d=mm&r=g\",\"caption\":\"Mus\u00e9e\"},\"url\":\"https:\\\/\\\/www.notredamealarose.be\\\/en\\\/author\\\/ndalr2\\\/\"}]}<\/script>\n<!-- \/ Yoast SEO plugin. -->","yoast_head_json":{"title":"Annual closure - H\u00f4pital Notre-Dame \u00e0 la Rose - Lessines","robots":{"index":"index","follow":"follow","max-snippet":"max-snippet:-1","max-image-preview":"max-image-preview:large","max-video-preview":"max-video-preview:-1"},"canonical":"https:\/\/www.notredamealarose.be\/en\/annual-closure-2\/","og_locale":"en_US","og_type":"article","og_title":"Annual closure - H\u00f4pital Notre-Dame \u00e0 la Rose - Lessines","og_description":"Dear visitors The museum will be closed from Friday 23 to Monday 26 December inclusive and from Friday 30 December to Tuesday 3 January inclusive. The museum will therefore be open from Tuesday 27 to Thursday 29 December. Do not hesitate to come and visit us on this occasion. Entrance through the farm yard, Rue [&hellip;]","og_url":"https:\/\/www.notredamealarose.be\/en\/annual-closure-2\/","og_site_name":"H\u00f4pital Notre-Dame \u00e0 la Rose - Lessines","article_published_time":"2022-11-24T16:05:26+00:00","article_modified_time":"2022-12-14T15:36:26+00:00","og_image":[{"width":1000,"height":665,"url":"https:\/\/www.notredamealarose.be\/2022\/wp-content\/uploads\/2022\/12\/Voeux-1000x665-1.jpg","type":"image\/jpeg"}],"author":"Mus\u00e9e","twitter_card":"summary_large_image","schema":{"@context":"https:\/\/schema.org","@graph":[{"@type":"Article","@id":"https:\/\/www.notredamealarose.be\/en\/annual-closure-2\/#article","isPartOf":{"@id":"https:\/\/www.notredamealarose.be\/en\/annual-closure-2\/"},"author":{"name":"Mus\u00e9e","@id":"https:\/\/www.notredamealarose.be\/#\/schema\/person\/3a0a461049a481d42e8ad6f61694678d"},"headline":"Annual closure","datePublished":"2022-11-24T16:05:26+00:00","dateModified":"2022-12-14T15:36:26+00:00","mainEntityOfPage":{"@id":"https:\/\/www.notredamealarose.be\/en\/annual-closure-2\/"},"wordCount":55,"publisher":{"@id":"https:\/\/www.notredamealarose.be\/#organization"},"image":{"@id":"https:\/\/www.notredamealarose.be\/en\/annual-closure-2\/#primaryimage"},"thumbnailUrl":"https:\/\/www.notredamealarose.be\/2022\/wp-content\/uploads\/2022\/12\/Voeux-1000x665-1.jpg","inLanguage":"en-US"},{"@type":"WebPage","@id":"https:\/\/www.notredamealarose.be\/en\/annual-closure-2\/","url":"https:\/\/www.notredamealarose.be\/en\/annual-closure-2\/","name":"Annual closure - H\u00f4pital Notre-Dame \u00e0 la Rose - Lessines","isPartOf":{"@id":"https:\/\/www.notredamealarose.be\/#website"},"primaryImageOfPage":{"@id":"https:\/\/www.notredamealarose.be\/en\/annual-closure-2\/#primaryimage"},"image":{"@id":"https:\/\/www.notredamealarose.be\/en\/annual-closure-2\/#primaryimage"},"thumbnailUrl":"https:\/\/www.notredamealarose.be\/2022\/wp-content\/uploads\/2022\/12\/Voeux-1000x665-1.jpg","datePublished":"2022-11-24T16:05:26+00:00","dateModified":"2022-12-14T15:36:26+00:00","breadcrumb":{"@id":"https:\/\/www.notredamealarose.be\/en\/annual-closure-2\/#breadcrumb"},"inLanguage":"en-US","potentialAction":[{"@type":"ReadAction","target":["https:\/\/www.notredamealarose.be\/en\/annual-closure-2\/"]}]},{"@type":"ImageObject","inLanguage":"en-US","@id":"https:\/\/www.notredamealarose.be\/en\/annual-closure-2\/#primaryimage","url":"https:\/\/www.notredamealarose.be\/2022\/wp-content\/uploads\/2022\/12\/Voeux-1000x665-1.jpg","contentUrl":"https:\/\/www.notredamealarose.be\/2022\/wp-content\/uploads\/2022\/12\/Voeux-1000x665-1.jpg","width":1000,"height":665},{"@type":"BreadcrumbList","@id":"https:\/\/www.notredamealarose.be\/en\/annual-closure-2\/#breadcrumb","itemListElement":[{"@type":"ListItem","position":1,"name":"Accueil","item":"https:\/\/www.notredamealarose.be\/en\/"},{"@type":"ListItem","position":2,"name":"Annual closure"}]},{"@type":"WebSite","@id":"https:\/\/www.notredamealarose.be\/#website","url":"https:\/\/www.notredamealarose.be\/","name":"H\u00f4pital Notre-Dame \u00e0 la Rose - Lessines","description":"Un mus\u00e9e magique et hors du temps !","publisher":{"@id":"https:\/\/www.notredamealarose.be\/#organization"},"potentialAction":[{"@type":"SearchAction","target":{"@type":"EntryPoint","urlTemplate":"https:\/\/www.notredamealarose.be\/?s={search_term_string}"},"query-input":{"@type":"PropertyValueSpecification","valueRequired":true,"valueName":"search_term_string"}}],"inLanguage":"en-US"},{"@type":"Organization","@id":"https:\/\/www.notredamealarose.be\/#organization","name":"H\u00f4pital Notre-Dame \u00e0 la Rose - Lessines","url":"https:\/\/www.notredamealarose.be\/","logo":{"@type":"ImageObject","inLanguage":"en-US","@id":"https:\/\/www.notredamealarose.be\/#\/schema\/logo\/image\/","url":"https:\/\/www.notredamealarose.be\/2022\/wp-content\/uploads\/2023\/12\/HNDR-logo-monochrome-neg.png","contentUrl":"https:\/\/www.notredamealarose.be\/2022\/wp-content\/uploads\/2023\/12\/HNDR-logo-monochrome-neg.png","width":1998,"height":1239,"caption":"H\u00f4pital Notre-Dame \u00e0 la Rose - Lessines"},"image":{"@id":"https:\/\/www.notredamealarose.be\/#\/schema\/logo\/image\/"}},{"@type":"Person","@id":"https:\/\/www.notredamealarose.be\/#\/schema\/person\/3a0a461049a481d42e8ad6f61694678d","name":"Mus\u00e9e","image":{"@type":"ImageObject","inLanguage":"en-US","@id":"https:\/\/secure.gravatar.com\/avatar\/d59e3c407838667b10d1f1e213a4b001755f76ec2c46053968d78e5edb94fd0e?s=96&d=mm&r=g","url":"https:\/\/secure.gravatar.com\/avatar\/d59e3c407838667b10d1f1e213a4b001755f76ec2c46053968d78e5edb94fd0e?s=96&d=mm&r=g","contentUrl":"https:\/\/secure.gravatar.com\/avatar\/d59e3c407838667b10d1f1e213a4b001755f76ec2c46053968d78e5edb94fd0e?s=96&d=mm&r=g","caption":"Mus\u00e9e"},"url":"https:\/\/www.notredamealarose.be\/en\/author\/ndalr2\/"}]}},"jetpack_featured_media_url":"https:\/\/www.notredamealarose.be\/2022\/wp-content\/uploads\/2022\/12\/Voeux-1000x665-1.jpg","jetpack_sharing_enabled":true,"_links":{"self":[{"href":"https:\/\/www.notredamealarose.be\/en\/wp-json\/wp\/v2\/posts\/9596","targetHints":{"allow":["GET"]}}],"collection":[{"href":"https:\/\/www.notredamealarose.be\/en\/wp-json\/wp\/v2\/posts"}],"about":[{"href":"https:\/\/www.notredamealarose.be\/en\/wp-json\/wp\/v2\/types\/post"}],"author":[{"embeddable":true,"href":"https:\/\/www.notredamealarose.be\/en\/wp-json\/wp\/v2\/users\/2"}],"replies":[{"embeddable":true,"href":"https:\/\/www.notredamealarose.be\/en\/wp-json\/wp\/v2\/comments?post=9596"}],"version-history":[{"count":2,"href":"https:\/\/www.notredamealarose.be\/en\/wp-json\/wp\/v2\/posts\/9596\/revisions"}],"predecessor-version":[{"id":9830,"href":"https:\/\/www.notredamealarose.be\/en\/wp-json\/wp\/v2\/posts\/9596\/revisions\/9830"}],"wp:featuredmedia":[{"embeddable":true,"href":"https:\/\/www.notredamealarose.be\/en\/wp-json\/wp\/v2\/media\/9825"}],"wp:attachment":[{"href":"https:\/\/www.notredamealarose.be\/en\/wp-json\/wp\/v2\/media?parent=9596"}],"wp:term":[{"taxonomy":"category","embeddable":true,"href":"https:\/\/www.notredamealarose.be\/en\/wp-json\/wp\/v2\/categories?post=9596"},{"taxonomy":"post_tag","embeddable":true,"href":"https:\/\/www.notredamealarose.be\/en\/wp-json\/wp\/v2\/tags?post=9596"}],"curies":[{"name":"wp","href":"https:\/\/api.w.org\/{rel}","templated":true}]}}