{"id":1198,"date":"2013-01-05T17:48:40","date_gmt":"2013-01-05T16:48:40","guid":{"rendered":"http:\/\/www.notredamealarose.com.preview02.oxito.com\/2013\/?p=1198"},"modified":"2013-01-05T17:48:40","modified_gmt":"2013-01-05T16:48:40","slug":"symposium-the-best-in-heritage-in-dubrovnik","status":"publish","type":"post","link":"https:\/\/www.notredamealarose.be\/nl\/symposium-the-best-in-heritage-in-dubrovnik\/","title":{"rendered":"Symposium &#8216;The Best in Heritage&#8217; in Dubrovnik"},"content":{"rendered":"<p><a href=\"https:\/\/www.notredamealarose.be\/nl\/symposium-the-best-in-heritage-in-dubrovnik\/marc\/\" rel=\"attachment wp-att-761\"><img loading=\"lazy\" decoding=\"async\" class=\"alignleft size-full wp-image-761\" title=\"Dubrovnik\" alt=\"\" src=\"https:\/\/www.notredamealarose.be\/wordpress\/wp-content\/uploads\/2011\/11\/Marc.jpg\" width=\"341\" height=\"227\" \/><\/a>Eind september vond in Dubrovnik een symposium plaats dat talrijke musea uit Europa maar ook uit de hele wereld verzamelde. Hun kenmerk? Allen hadden recent een bekroning ontvangen. Ook het hospitaal Notre-Dame \u00e0 la Rose en het antwerpse MAS waren van de partij.<\/p>\n<p>Het was een uitzonderlijke gelegenheid om ons museum aan een panel van internationale experten voor te stellen.<\/p>\n<p>Naast enkele omvangrijke projecten uit Nederland, Duitsland of zelfs Portugal, Australi\u00eb en Groot-Brittani\u00eb, kon de specificiteit van ons museum het publiek boeien en verrassen. De deelnemers stelden de authenticiteit van het museum op prijs. De herbestemming als museum en de recente renovatiewerken kregen lovenswaardige kritiek.<\/p>\n<p>Onze voordracht was voor vele collega&#8217;s alover de wereld en ware ontdekking. Voor ons was het een gelegenheid uit de duizend om ons museum een internationale bekendheid te geven.<\/p>\n<p>&nbsp;<\/p>\n<p><a href=\"https:\/\/www.notredamealarose.be\/nl\/symposium-the-best-in-heritage-in-dubrovnik\/theatre\/\" rel=\"attachment wp-att-770\"><img loading=\"lazy\" decoding=\"async\" class=\"alignleft size-full wp-image-770\" title=\"Theatre\" alt=\"\" src=\"https:\/\/www.notredamealarose.be\/wordpress\/wp-content\/uploads\/2011\/11\/Theatre.jpg\" width=\"340\" height=\"226\" \/><\/a><\/p>\n","protected":false},"excerpt":{"rendered":"<p>Eind september vond in Dubrovnik een symposium plaats dat talrijke musea uit Europa maar ook uit de hele wereld verzamelde. Hun kenmerk? Allen hadden recent een bekroning ontvangen. Ook het hospitaal Notre-Dame \u00e0 la Rose en het antwerpse MAS waren van de partij. Het was een uitzonderlijke gelegenheid om ons museum aan een panel van [&hellip;]<\/p>\n","protected":false},"author":1,"featured_media":0,"comment_status":"open","ping_status":"open","sticky":false,"template":"","format":"standard","meta":{"site-sidebar-layout":"default","site-content-layout":"","ast-site-content-layout":"","site-content-style":"default","site-sidebar-style":"default","ast-global-header-display":"","ast-banner-title-visibility":"","ast-main-header-display":"","ast-hfb-above-header-display":"","ast-hfb-below-header-display":"","ast-hfb-mobile-header-display":"","site-post-title":"","ast-breadcrumbs-content":"","ast-featured-img":"","footer-sml-layout":"","theme-transparent-header-meta":"","adv-header-id-meta":"","stick-header-meta":"","header-above-stick-meta":"","header-main-stick-meta":"","header-below-stick-meta":"","astra-migrate-meta-layouts":"default","ast-page-background-enabled":"default","ast-page-background-meta":{"desktop":{"background-color":"var(--ast-global-color-4)","background-image":"","background-repeat":"repeat","background-position":"center center","background-size":"auto","background-attachment":"scroll","background-type":"","background-media":"","overlay-type":"","overlay-color":"","overlay-gradient":""},"tablet":{"background-color":"","background-image":"","background-repeat":"repeat","background-position":"center center","background-size":"auto","background-attachment":"scroll","background-type":"","background-media":"","overlay-type":"","overlay-color":"","overlay-gradient":""},"mobile":{"background-color":"","background-image":"","background-repeat":"repeat","background-position":"center center","background-size":"auto","background-attachment":"scroll","background-type":"","background-media":"","overlay-type":"","overlay-color":"","overlay-gradient":""}},"ast-content-background-meta":{"desktop":{"background-color":"var(--ast-global-color-5)","background-image":"","background-repeat":"repeat","background-position":"center center","background-size":"auto","background-attachment":"scroll","background-type":"","background-media":"","overlay-type":"","overlay-color":"","overlay-gradient":""},"tablet":{"background-color":"var(--ast-global-color-5)","background-image":"","background-repeat":"repeat","background-position":"center center","background-size":"auto","background-attachment":"scroll","background-type":"","background-media":"","overlay-type":"","overlay-color":"","overlay-gradient":""},"mobile":{"background-color":"var(--ast-global-color-5)","background-image":"","background-repeat":"repeat","background-position":"center center","background-size":"auto","background-attachment":"scroll","background-type":"","background-media":"","overlay-type":"","overlay-color":"","overlay-gradient":""}},"_price":"","_stock":"","_tribe_ticket_header":"","_tribe_default_ticket_provider":"","_tribe_ticket_capacity":"0","_ticket_start_date":"","_ticket_end_date":"","_tribe_ticket_show_description":"","_tribe_ticket_show_not_going":false,"_tribe_ticket_use_global_stock":"","_tribe_ticket_global_stock_level":"","_global_stock_mode":"","_global_stock_cap":"","_tribe_rsvp_for_event":"","_tribe_ticket_going_count":"","_tribe_ticket_not_going_count":"","_tribe_tickets_list":"[]","_tribe_ticket_has_attendee_info_fields":false,"_jetpack_memberships_contains_paid_content":false,"footnotes":""},"categories":[3],"tags":[],"class_list":["post-1198","post","type-post","status-publish","format-standard","hentry","category-actualites"],"yoast_head":"<!-- This site is optimized with the Yoast SEO plugin v27.4 - https:\/\/yoast.com\/product\/yoast-seo-wordpress\/ -->\n<title>Symposium &#039;The Best in Heritage&#039; in Dubrovnik - H\u00f4pital Notre-Dame \u00e0 la Rose - Lessines<\/title>\n<meta name=\"robots\" content=\"index, follow, max-snippet:-1, max-image-preview:large, max-video-preview:-1\" \/>\n<link rel=\"canonical\" href=\"https:\/\/www.notredamealarose.be\/colloque-the-best-in-heritage-a-dubrovnik\/\" \/>\n<meta property=\"og:locale\" content=\"nl_NL\" \/>\n<meta property=\"og:type\" content=\"article\" \/>\n<meta property=\"og:title\" content=\"Symposium &#039;The Best in Heritage&#039; in Dubrovnik - H\u00f4pital Notre-Dame \u00e0 la Rose - Lessines\" \/>\n<meta property=\"og:description\" content=\"Eind september vond in Dubrovnik een symposium plaats dat talrijke musea uit Europa maar ook uit de hele wereld verzamelde. Hun kenmerk? Allen hadden recent een bekroning ontvangen. Ook het hospitaal Notre-Dame \u00e0 la Rose en het antwerpse MAS waren van de partij. Het was een uitzonderlijke gelegenheid om ons museum aan een panel van [&hellip;]\" \/>\n<meta property=\"og:url\" content=\"https:\/\/www.notredamealarose.be\/colloque-the-best-in-heritage-a-dubrovnik\/\" \/>\n<meta property=\"og:site_name\" content=\"H\u00f4pital Notre-Dame \u00e0 la Rose - Lessines\" \/>\n<meta property=\"article:published_time\" content=\"2013-01-05T16:48:40+00:00\" \/>\n<meta property=\"og:image\" content=\"https:\/\/www.notredamealarose.be\/wordpress\/wp-content\/uploads\/2011\/11\/Marc.jpg\" \/>\n<meta name=\"author\" content=\"Jef\" \/>\n<meta name=\"twitter:card\" content=\"summary_large_image\" \/>\n<script type=\"application\/ld+json\" class=\"yoast-schema-graph\">{\"@context\":\"https:\\\/\\\/schema.org\",\"@graph\":[{\"@type\":\"Article\",\"@id\":\"https:\\\/\\\/www.notredamealarose.be\\\/colloque-the-best-in-heritage-a-dubrovnik\\\/#article\",\"isPartOf\":{\"@id\":\"https:\\\/\\\/www.notredamealarose.be\\\/colloque-the-best-in-heritage-a-dubrovnik\\\/\"},\"author\":{\"name\":\"Jef\",\"@id\":\"https:\\\/\\\/www.notredamealarose.be\\\/#\\\/schema\\\/person\\\/110865016f6092fcba3cd1a79e57fec4\"},\"headline\":\"Symposium &#8216;The Best in Heritage&#8217; in Dubrovnik\",\"datePublished\":\"2013-01-05T16:48:40+00:00\",\"mainEntityOfPage\":{\"@id\":\"https:\\\/\\\/www.notredamealarose.be\\\/colloque-the-best-in-heritage-a-dubrovnik\\\/\"},\"wordCount\":141,\"commentCount\":0,\"publisher\":{\"@id\":\"https:\\\/\\\/www.notredamealarose.be\\\/#organization\"},\"image\":{\"@id\":\"https:\\\/\\\/www.notredamealarose.be\\\/colloque-the-best-in-heritage-a-dubrovnik\\\/#primaryimage\"},\"thumbnailUrl\":\"https:\\\/\\\/www.notredamealarose.be\\\/wordpress\\\/wp-content\\\/uploads\\\/2011\\\/11\\\/Marc.jpg\",\"articleSection\":[\"Actualit\u00e9s\"],\"inLanguage\":\"nl-NL\"},{\"@type\":\"WebPage\",\"@id\":\"https:\\\/\\\/www.notredamealarose.be\\\/colloque-the-best-in-heritage-a-dubrovnik\\\/\",\"url\":\"https:\\\/\\\/www.notredamealarose.be\\\/colloque-the-best-in-heritage-a-dubrovnik\\\/\",\"name\":\"Symposium 'The Best in Heritage' in Dubrovnik - H\u00f4pital Notre-Dame \u00e0 la Rose - Lessines\",\"isPartOf\":{\"@id\":\"https:\\\/\\\/www.notredamealarose.be\\\/#website\"},\"primaryImageOfPage\":{\"@id\":\"https:\\\/\\\/www.notredamealarose.be\\\/colloque-the-best-in-heritage-a-dubrovnik\\\/#primaryimage\"},\"image\":{\"@id\":\"https:\\\/\\\/www.notredamealarose.be\\\/colloque-the-best-in-heritage-a-dubrovnik\\\/#primaryimage\"},\"thumbnailUrl\":\"https:\\\/\\\/www.notredamealarose.be\\\/wordpress\\\/wp-content\\\/uploads\\\/2011\\\/11\\\/Marc.jpg\",\"datePublished\":\"2013-01-05T16:48:40+00:00\",\"breadcrumb\":{\"@id\":\"https:\\\/\\\/www.notredamealarose.be\\\/colloque-the-best-in-heritage-a-dubrovnik\\\/#breadcrumb\"},\"inLanguage\":\"nl-NL\",\"potentialAction\":[{\"@type\":\"ReadAction\",\"target\":[\"https:\\\/\\\/www.notredamealarose.be\\\/colloque-the-best-in-heritage-a-dubrovnik\\\/\"]}]},{\"@type\":\"ImageObject\",\"inLanguage\":\"nl-NL\",\"@id\":\"https:\\\/\\\/www.notredamealarose.be\\\/colloque-the-best-in-heritage-a-dubrovnik\\\/#primaryimage\",\"url\":\"https:\\\/\\\/www.notredamealarose.be\\\/wordpress\\\/wp-content\\\/uploads\\\/2011\\\/11\\\/Marc.jpg\",\"contentUrl\":\"https:\\\/\\\/www.notredamealarose.be\\\/wordpress\\\/wp-content\\\/uploads\\\/2011\\\/11\\\/Marc.jpg\"},{\"@type\":\"BreadcrumbList\",\"@id\":\"https:\\\/\\\/www.notredamealarose.be\\\/colloque-the-best-in-heritage-a-dubrovnik\\\/#breadcrumb\",\"itemListElement\":[{\"@type\":\"ListItem\",\"position\":1,\"name\":\"Accueil\",\"item\":\"https:\\\/\\\/www.notredamealarose.be\\\/nl\\\/\"},{\"@type\":\"ListItem\",\"position\":2,\"name\":\"Symposium &lsquo;The Best in Heritage&rsquo; in Dubrovnik\"}]},{\"@type\":\"WebSite\",\"@id\":\"https:\\\/\\\/www.notredamealarose.be\\\/#website\",\"url\":\"https:\\\/\\\/www.notredamealarose.be\\\/\",\"name\":\"H\u00f4pital Notre-Dame \u00e0 la Rose - Lessines\",\"description\":\"Un mus\u00e9e magique et hors du temps !\",\"publisher\":{\"@id\":\"https:\\\/\\\/www.notredamealarose.be\\\/#organization\"},\"potentialAction\":[{\"@type\":\"SearchAction\",\"target\":{\"@type\":\"EntryPoint\",\"urlTemplate\":\"https:\\\/\\\/www.notredamealarose.be\\\/?s={search_term_string}\"},\"query-input\":{\"@type\":\"PropertyValueSpecification\",\"valueRequired\":true,\"valueName\":\"search_term_string\"}}],\"inLanguage\":\"nl-NL\"},{\"@type\":\"Organization\",\"@id\":\"https:\\\/\\\/www.notredamealarose.be\\\/#organization\",\"name\":\"H\u00f4pital Notre-Dame \u00e0 la Rose - Lessines\",\"url\":\"https:\\\/\\\/www.notredamealarose.be\\\/\",\"logo\":{\"@type\":\"ImageObject\",\"inLanguage\":\"nl-NL\",\"@id\":\"https:\\\/\\\/www.notredamealarose.be\\\/#\\\/schema\\\/logo\\\/image\\\/\",\"url\":\"https:\\\/\\\/www.notredamealarose.be\\\/2022\\\/wp-content\\\/uploads\\\/2023\\\/12\\\/HNDR-logo-monochrome-neg.png\",\"contentUrl\":\"https:\\\/\\\/www.notredamealarose.be\\\/2022\\\/wp-content\\\/uploads\\\/2023\\\/12\\\/HNDR-logo-monochrome-neg.png\",\"width\":1998,\"height\":1239,\"caption\":\"H\u00f4pital Notre-Dame \u00e0 la Rose - Lessines\"},\"image\":{\"@id\":\"https:\\\/\\\/www.notredamealarose.be\\\/#\\\/schema\\\/logo\\\/image\\\/\"}},{\"@type\":\"Person\",\"@id\":\"https:\\\/\\\/www.notredamealarose.be\\\/#\\\/schema\\\/person\\\/110865016f6092fcba3cd1a79e57fec4\",\"name\":\"Jef\",\"image\":{\"@type\":\"ImageObject\",\"inLanguage\":\"nl-NL\",\"@id\":\"https:\\\/\\\/secure.gravatar.com\\\/avatar\\\/4c1cb4d2fd188bacdbf349f092107e91adc3c5b9ffa8149ae633c1b4dc93fb2d?s=96&d=mm&r=g\",\"url\":\"https:\\\/\\\/secure.gravatar.com\\\/avatar\\\/4c1cb4d2fd188bacdbf349f092107e91adc3c5b9ffa8149ae633c1b4dc93fb2d?s=96&d=mm&r=g\",\"contentUrl\":\"https:\\\/\\\/secure.gravatar.com\\\/avatar\\\/4c1cb4d2fd188bacdbf349f092107e91adc3c5b9ffa8149ae633c1b4dc93fb2d?s=96&d=mm&r=g\",\"caption\":\"Jef\"},\"sameAs\":[\"https:\\\/\\\/www.bzzz.be\"],\"url\":\"https:\\\/\\\/www.notredamealarose.be\\\/nl\\\/author\\\/bzzz\\\/\"}]}<\/script>\n<!-- \/ Yoast SEO plugin. -->","yoast_head_json":{"title":"Symposium 'The Best in Heritage' in Dubrovnik - H\u00f4pital Notre-Dame \u00e0 la Rose - Lessines","robots":{"index":"index","follow":"follow","max-snippet":"max-snippet:-1","max-image-preview":"max-image-preview:large","max-video-preview":"max-video-preview:-1"},"canonical":"https:\/\/www.notredamealarose.be\/colloque-the-best-in-heritage-a-dubrovnik\/","og_locale":"nl_NL","og_type":"article","og_title":"Symposium 'The Best in Heritage' in Dubrovnik - H\u00f4pital Notre-Dame \u00e0 la Rose - Lessines","og_description":"Eind september vond in Dubrovnik een symposium plaats dat talrijke musea uit Europa maar ook uit de hele wereld verzamelde. Hun kenmerk? Allen hadden recent een bekroning ontvangen. Ook het hospitaal Notre-Dame \u00e0 la Rose en het antwerpse MAS waren van de partij. Het was een uitzonderlijke gelegenheid om ons museum aan een panel van [&hellip;]","og_url":"https:\/\/www.notredamealarose.be\/colloque-the-best-in-heritage-a-dubrovnik\/","og_site_name":"H\u00f4pital Notre-Dame \u00e0 la Rose - Lessines","article_published_time":"2013-01-05T16:48:40+00:00","og_image":[{"url":"https:\/\/www.notredamealarose.be\/wordpress\/wp-content\/uploads\/2011\/11\/Marc.jpg","type":"","width":"","height":""}],"author":"Jef","twitter_card":"summary_large_image","schema":{"@context":"https:\/\/schema.org","@graph":[{"@type":"Article","@id":"https:\/\/www.notredamealarose.be\/colloque-the-best-in-heritage-a-dubrovnik\/#article","isPartOf":{"@id":"https:\/\/www.notredamealarose.be\/colloque-the-best-in-heritage-a-dubrovnik\/"},"author":{"name":"Jef","@id":"https:\/\/www.notredamealarose.be\/#\/schema\/person\/110865016f6092fcba3cd1a79e57fec4"},"headline":"Symposium &#8216;The Best in Heritage&#8217; in Dubrovnik","datePublished":"2013-01-05T16:48:40+00:00","mainEntityOfPage":{"@id":"https:\/\/www.notredamealarose.be\/colloque-the-best-in-heritage-a-dubrovnik\/"},"wordCount":141,"commentCount":0,"publisher":{"@id":"https:\/\/www.notredamealarose.be\/#organization"},"image":{"@id":"https:\/\/www.notredamealarose.be\/colloque-the-best-in-heritage-a-dubrovnik\/#primaryimage"},"thumbnailUrl":"https:\/\/www.notredamealarose.be\/wordpress\/wp-content\/uploads\/2011\/11\/Marc.jpg","articleSection":["Actualit\u00e9s"],"inLanguage":"nl-NL"},{"@type":"WebPage","@id":"https:\/\/www.notredamealarose.be\/colloque-the-best-in-heritage-a-dubrovnik\/","url":"https:\/\/www.notredamealarose.be\/colloque-the-best-in-heritage-a-dubrovnik\/","name":"Symposium 'The Best in Heritage' in Dubrovnik - H\u00f4pital Notre-Dame \u00e0 la Rose - Lessines","isPartOf":{"@id":"https:\/\/www.notredamealarose.be\/#website"},"primaryImageOfPage":{"@id":"https:\/\/www.notredamealarose.be\/colloque-the-best-in-heritage-a-dubrovnik\/#primaryimage"},"image":{"@id":"https:\/\/www.notredamealarose.be\/colloque-the-best-in-heritage-a-dubrovnik\/#primaryimage"},"thumbnailUrl":"https:\/\/www.notredamealarose.be\/wordpress\/wp-content\/uploads\/2011\/11\/Marc.jpg","datePublished":"2013-01-05T16:48:40+00:00","breadcrumb":{"@id":"https:\/\/www.notredamealarose.be\/colloque-the-best-in-heritage-a-dubrovnik\/#breadcrumb"},"inLanguage":"nl-NL","potentialAction":[{"@type":"ReadAction","target":["https:\/\/www.notredamealarose.be\/colloque-the-best-in-heritage-a-dubrovnik\/"]}]},{"@type":"ImageObject","inLanguage":"nl-NL","@id":"https:\/\/www.notredamealarose.be\/colloque-the-best-in-heritage-a-dubrovnik\/#primaryimage","url":"https:\/\/www.notredamealarose.be\/wordpress\/wp-content\/uploads\/2011\/11\/Marc.jpg","contentUrl":"https:\/\/www.notredamealarose.be\/wordpress\/wp-content\/uploads\/2011\/11\/Marc.jpg"},{"@type":"BreadcrumbList","@id":"https:\/\/www.notredamealarose.be\/colloque-the-best-in-heritage-a-dubrovnik\/#breadcrumb","itemListElement":[{"@type":"ListItem","position":1,"name":"Accueil","item":"https:\/\/www.notredamealarose.be\/nl\/"},{"@type":"ListItem","position":2,"name":"Symposium &lsquo;The Best in Heritage&rsquo; in Dubrovnik"}]},{"@type":"WebSite","@id":"https:\/\/www.notredamealarose.be\/#website","url":"https:\/\/www.notredamealarose.be\/","name":"H\u00f4pital Notre-Dame \u00e0 la Rose - Lessines","description":"Un mus\u00e9e magique et hors du temps !","publisher":{"@id":"https:\/\/www.notredamealarose.be\/#organization"},"potentialAction":[{"@type":"SearchAction","target":{"@type":"EntryPoint","urlTemplate":"https:\/\/www.notredamealarose.be\/?s={search_term_string}"},"query-input":{"@type":"PropertyValueSpecification","valueRequired":true,"valueName":"search_term_string"}}],"inLanguage":"nl-NL"},{"@type":"Organization","@id":"https:\/\/www.notredamealarose.be\/#organization","name":"H\u00f4pital Notre-Dame \u00e0 la Rose - Lessines","url":"https:\/\/www.notredamealarose.be\/","logo":{"@type":"ImageObject","inLanguage":"nl-NL","@id":"https:\/\/www.notredamealarose.be\/#\/schema\/logo\/image\/","url":"https:\/\/www.notredamealarose.be\/2022\/wp-content\/uploads\/2023\/12\/HNDR-logo-monochrome-neg.png","contentUrl":"https:\/\/www.notredamealarose.be\/2022\/wp-content\/uploads\/2023\/12\/HNDR-logo-monochrome-neg.png","width":1998,"height":1239,"caption":"H\u00f4pital Notre-Dame \u00e0 la Rose - Lessines"},"image":{"@id":"https:\/\/www.notredamealarose.be\/#\/schema\/logo\/image\/"}},{"@type":"Person","@id":"https:\/\/www.notredamealarose.be\/#\/schema\/person\/110865016f6092fcba3cd1a79e57fec4","name":"Jef","image":{"@type":"ImageObject","inLanguage":"nl-NL","@id":"https:\/\/secure.gravatar.com\/avatar\/4c1cb4d2fd188bacdbf349f092107e91adc3c5b9ffa8149ae633c1b4dc93fb2d?s=96&d=mm&r=g","url":"https:\/\/secure.gravatar.com\/avatar\/4c1cb4d2fd188bacdbf349f092107e91adc3c5b9ffa8149ae633c1b4dc93fb2d?s=96&d=mm&r=g","contentUrl":"https:\/\/secure.gravatar.com\/avatar\/4c1cb4d2fd188bacdbf349f092107e91adc3c5b9ffa8149ae633c1b4dc93fb2d?s=96&d=mm&r=g","caption":"Jef"},"sameAs":["https:\/\/www.bzzz.be"],"url":"https:\/\/www.notredamealarose.be\/nl\/author\/bzzz\/"}]}},"jetpack_featured_media_url":"","jetpack_sharing_enabled":true,"_links":{"self":[{"href":"https:\/\/www.notredamealarose.be\/nl\/wp-json\/wp\/v2\/posts\/1198","targetHints":{"allow":["GET"]}}],"collection":[{"href":"https:\/\/www.notredamealarose.be\/nl\/wp-json\/wp\/v2\/posts"}],"about":[{"href":"https:\/\/www.notredamealarose.be\/nl\/wp-json\/wp\/v2\/types\/post"}],"author":[{"embeddable":true,"href":"https:\/\/www.notredamealarose.be\/nl\/wp-json\/wp\/v2\/users\/1"}],"replies":[{"embeddable":true,"href":"https:\/\/www.notredamealarose.be\/nl\/wp-json\/wp\/v2\/comments?post=1198"}],"version-history":[{"count":0,"href":"https:\/\/www.notredamealarose.be\/nl\/wp-json\/wp\/v2\/posts\/1198\/revisions"}],"wp:attachment":[{"href":"https:\/\/www.notredamealarose.be\/nl\/wp-json\/wp\/v2\/media?parent=1198"}],"wp:term":[{"taxonomy":"category","embeddable":true,"href":"https:\/\/www.notredamealarose.be\/nl\/wp-json\/wp\/v2\/categories?post=1198"},{"taxonomy":"post_tag","embeddable":true,"href":"https:\/\/www.notredamealarose.be\/nl\/wp-json\/wp\/v2\/tags?post=1198"}],"curies":[{"name":"wp","href":"https:\/\/api.w.org\/{rel}","templated":true}]}}