{"id":4275,"date":"2017-07-05T15:20:56","date_gmt":"2017-07-05T13:20:56","guid":{"rendered":"http:\/\/www.notredamealarose.com\/?p=4275"},"modified":"2017-07-05T15:20:56","modified_gmt":"2017-07-05T13:20:56","slug":"nocturnes-in-juli-en-augustus","status":"publish","type":"post","link":"https:\/\/www.notredamealarose.be\/nl\/nocturnes-in-juli-en-augustus\/","title":{"rendered":"Nocturnes in juli en augustus"},"content":{"rendered":"<figure id=\"attachment_3125\" aria-describedby=\"caption-attachment-3125\" style=\"width: 300px\" class=\"wp-caption alignleft\"><img loading=\"lazy\" decoding=\"async\" class=\"size-medium wp-image-3125\" src=\"https:\/\/www.notredamealarose.be\/wp-content\/uploads\/2015\/04\/14004687155_1098690187_h-300x199.jpg\" alt=\"\" width=\"300\" height=\"199\" \/><figcaption id=\"caption-attachment-3125\" class=\"wp-caption-text\">Fa\u00e7ade en nocturne &#8211; Copyright Francis Vauban<\/figcaption><\/figure>\n<p><em>Een site,<\/em><\/p>\n<p><em>een universeel monument, <\/em><\/p>\n<p><em>een originele architectuur, <\/em><\/p>\n<p><em>een prestigieuse collectie\u2026<\/em><\/p>\n<p>Ontdek of herontdek deze magische site bij kaarslicht ! Ook U zult verwonderd en gefascineerd zijn door de heel bijzondere sfeer waarin de avondschermering het Hospitaal onderdompelt.<\/p>\n<p><em>Elke eerste en vierde vrijdag in juli en augustus, van 21u af.<\/em><\/p>\n<p>&nbsp;<\/p>\n<p>&nbsp;<\/p>\n<p><span style=\"border-radius: 2px; text-indent: 20px; width: auto; padding: 0px 4px 0px 0px; text-align: center; font: bold 11px\/20px 'Helvetica Neue',Helvetica,sans-serif; color: #ffffff; background: #bd081c no-repeat scroll 3px 50% \/ 14px 14px; position: absolute; opacity: 1; z-index: 8675309; display: none; cursor: pointer;\">Enregistrer<\/span><\/p>\n<p><span style=\"border-radius: 2px; text-indent: 20px; width: auto; padding: 0px 4px 0px 0px; text-align: center; font: bold 11px\/20px 'Helvetica Neue',Helvetica,sans-serif; color: #ffffff; background: #bd081c  no-repeat scroll 3px 50% \/ 14px 14px; position: absolute; opacity: 1; z-index: 8675309; display: none; cursor: pointer; top: 28px; left: 20px;\">Enregistrer<\/span><\/p>\n","protected":false},"excerpt":{"rendered":"<p>Een site, een universeel monument, een originele architectuur, een prestigieuse collectie\u2026 Ontdek of herontdek deze magische site bij kaarslicht ! Ook U zult verwonderd en gefascineerd zijn door de heel bijzondere sfeer waarin de avondschermering het Hospitaal onderdompelt. Elke eerste en vierde vrijdag in juli en augustus, van 21u af. &nbsp; &nbsp; Enregistrer Enregistrer<\/p>\n","protected":false},"author":2,"featured_media":3125,"comment_status":"open","ping_status":"open","sticky":false,"template":"","format":"standard","meta":{"site-sidebar-layout":"default","site-content-layout":"","ast-site-content-layout":"","site-content-style":"default","site-sidebar-style":"default","ast-global-header-display":"","ast-banner-title-visibility":"","ast-main-header-display":"","ast-hfb-above-header-display":"","ast-hfb-below-header-display":"","ast-hfb-mobile-header-display":"","site-post-title":"","ast-breadcrumbs-content":"","ast-featured-img":"","footer-sml-layout":"","theme-transparent-header-meta":"","adv-header-id-meta":"","stick-header-meta":"","header-above-stick-meta":"","header-main-stick-meta":"","header-below-stick-meta":"","astra-migrate-meta-layouts":"default","ast-page-background-enabled":"default","ast-page-background-meta":{"desktop":{"background-color":"var(--ast-global-color-4)","background-image":"","background-repeat":"repeat","background-position":"center center","background-size":"auto","background-attachment":"scroll","background-type":"","background-media":"","overlay-type":"","overlay-color":"","overlay-gradient":""},"tablet":{"background-color":"","background-image":"","background-repeat":"repeat","background-position":"center center","background-size":"auto","background-attachment":"scroll","background-type":"","background-media":"","overlay-type":"","overlay-color":"","overlay-gradient":""},"mobile":{"background-color":"","background-image":"","background-repeat":"repeat","background-position":"center center","background-size":"auto","background-attachment":"scroll","background-type":"","background-media":"","overlay-type":"","overlay-color":"","overlay-gradient":""}},"ast-content-background-meta":{"desktop":{"background-color":"var(--ast-global-color-5)","background-image":"","background-repeat":"repeat","background-position":"center center","background-size":"auto","background-attachment":"scroll","background-type":"","background-media":"","overlay-type":"","overlay-color":"","overlay-gradient":""},"tablet":{"background-color":"var(--ast-global-color-5)","background-image":"","background-repeat":"repeat","background-position":"center center","background-size":"auto","background-attachment":"scroll","background-type":"","background-media":"","overlay-type":"","overlay-color":"","overlay-gradient":""},"mobile":{"background-color":"var(--ast-global-color-5)","background-image":"","background-repeat":"repeat","background-position":"center center","background-size":"auto","background-attachment":"scroll","background-type":"","background-media":"","overlay-type":"","overlay-color":"","overlay-gradient":""}},"_price":"","_stock":"","_tribe_ticket_header":"","_tribe_default_ticket_provider":"","_tribe_ticket_capacity":"0","_ticket_start_date":"","_ticket_end_date":"","_tribe_ticket_show_description":"","_tribe_ticket_show_not_going":false,"_tribe_ticket_use_global_stock":"","_tribe_ticket_global_stock_level":"","_global_stock_mode":"","_global_stock_cap":"","_tribe_rsvp_for_event":"","_tribe_ticket_going_count":"","_tribe_ticket_not_going_count":"","_tribe_tickets_list":"[]","_tribe_ticket_has_attendee_info_fields":false,"_jetpack_memberships_contains_paid_content":false,"footnotes":""},"categories":[3],"tags":[],"class_list":["post-4275","post","type-post","status-publish","format-standard","has-post-thumbnail","hentry","category-actualites"],"yoast_head":"<!-- This site is optimized with the Yoast SEO plugin v27.4 - https:\/\/yoast.com\/product\/yoast-seo-wordpress\/ -->\n<title>Nocturnes in juli en augustus - H\u00f4pital Notre-Dame \u00e0 la Rose - Lessines<\/title>\n<meta name=\"robots\" content=\"index, follow, max-snippet:-1, max-image-preview:large, max-video-preview:-1\" \/>\n<link rel=\"canonical\" href=\"https:\/\/www.notredamealarose.be\/nl\/nocturnes-in-juli-en-augustus\/\" \/>\n<meta property=\"og:locale\" content=\"nl_NL\" \/>\n<meta property=\"og:type\" content=\"article\" \/>\n<meta property=\"og:title\" content=\"Nocturnes in juli en augustus - H\u00f4pital Notre-Dame \u00e0 la Rose - Lessines\" \/>\n<meta property=\"og:description\" content=\"Een site, een universeel monument, een originele architectuur, een prestigieuse collectie\u2026 Ontdek of herontdek deze magische site bij kaarslicht ! Ook U zult verwonderd en gefascineerd zijn door de heel bijzondere sfeer waarin de avondschermering het Hospitaal onderdompelt. Elke eerste en vierde vrijdag in juli en augustus, van 21u af. &nbsp; &nbsp; Enregistrer Enregistrer\" \/>\n<meta property=\"og:url\" content=\"https:\/\/www.notredamealarose.be\/nl\/nocturnes-in-juli-en-augustus\/\" \/>\n<meta property=\"og:site_name\" content=\"H\u00f4pital Notre-Dame \u00e0 la Rose - Lessines\" \/>\n<meta property=\"article:published_time\" content=\"2017-07-05T13:20:56+00:00\" \/>\n<meta name=\"author\" content=\"Mus\u00e9e\" \/>\n<meta name=\"twitter:card\" content=\"summary_large_image\" \/>\n<script type=\"application\/ld+json\" class=\"yoast-schema-graph\">{\"@context\":\"https:\\\/\\\/schema.org\",\"@graph\":[{\"@type\":\"Article\",\"@id\":\"https:\\\/\\\/www.notredamealarose.be\\\/nl\\\/nocturnes-in-juli-en-augustus\\\/#article\",\"isPartOf\":{\"@id\":\"https:\\\/\\\/www.notredamealarose.be\\\/nl\\\/nocturnes-in-juli-en-augustus\\\/\"},\"author\":{\"name\":\"Mus\u00e9e\",\"@id\":\"https:\\\/\\\/www.notredamealarose.be\\\/#\\\/schema\\\/person\\\/3a0a461049a481d42e8ad6f61694678d\"},\"headline\":\"Nocturnes in juli en augustus\",\"datePublished\":\"2017-07-05T13:20:56+00:00\",\"mainEntityOfPage\":{\"@id\":\"https:\\\/\\\/www.notredamealarose.be\\\/nl\\\/nocturnes-in-juli-en-augustus\\\/\"},\"wordCount\":73,\"commentCount\":0,\"publisher\":{\"@id\":\"https:\\\/\\\/www.notredamealarose.be\\\/#organization\"},\"image\":{\"@id\":\"https:\\\/\\\/www.notredamealarose.be\\\/nl\\\/nocturnes-in-juli-en-augustus\\\/#primaryimage\"},\"thumbnailUrl\":\"\",\"articleSection\":[\"Actualit\u00e9s\"],\"inLanguage\":\"nl-NL\"},{\"@type\":\"WebPage\",\"@id\":\"https:\\\/\\\/www.notredamealarose.be\\\/nl\\\/nocturnes-in-juli-en-augustus\\\/\",\"url\":\"https:\\\/\\\/www.notredamealarose.be\\\/nl\\\/nocturnes-in-juli-en-augustus\\\/\",\"name\":\"Nocturnes in juli en augustus - H\u00f4pital Notre-Dame \u00e0 la Rose - Lessines\",\"isPartOf\":{\"@id\":\"https:\\\/\\\/www.notredamealarose.be\\\/#website\"},\"primaryImageOfPage\":{\"@id\":\"https:\\\/\\\/www.notredamealarose.be\\\/nl\\\/nocturnes-in-juli-en-augustus\\\/#primaryimage\"},\"image\":{\"@id\":\"https:\\\/\\\/www.notredamealarose.be\\\/nl\\\/nocturnes-in-juli-en-augustus\\\/#primaryimage\"},\"thumbnailUrl\":\"\",\"datePublished\":\"2017-07-05T13:20:56+00:00\",\"breadcrumb\":{\"@id\":\"https:\\\/\\\/www.notredamealarose.be\\\/nl\\\/nocturnes-in-juli-en-augustus\\\/#breadcrumb\"},\"inLanguage\":\"nl-NL\",\"potentialAction\":[{\"@type\":\"ReadAction\",\"target\":[\"https:\\\/\\\/www.notredamealarose.be\\\/nl\\\/nocturnes-in-juli-en-augustus\\\/\"]}]},{\"@type\":\"ImageObject\",\"inLanguage\":\"nl-NL\",\"@id\":\"https:\\\/\\\/www.notredamealarose.be\\\/nl\\\/nocturnes-in-juli-en-augustus\\\/#primaryimage\",\"url\":\"\",\"contentUrl\":\"\"},{\"@type\":\"BreadcrumbList\",\"@id\":\"https:\\\/\\\/www.notredamealarose.be\\\/nl\\\/nocturnes-in-juli-en-augustus\\\/#breadcrumb\",\"itemListElement\":[{\"@type\":\"ListItem\",\"position\":1,\"name\":\"Accueil\",\"item\":\"https:\\\/\\\/www.notredamealarose.be\\\/nl\\\/\"},{\"@type\":\"ListItem\",\"position\":2,\"name\":\"Nocturnes in juli en augustus\"}]},{\"@type\":\"WebSite\",\"@id\":\"https:\\\/\\\/www.notredamealarose.be\\\/#website\",\"url\":\"https:\\\/\\\/www.notredamealarose.be\\\/\",\"name\":\"H\u00f4pital Notre-Dame \u00e0 la Rose - Lessines\",\"description\":\"Un mus\u00e9e magique et hors du temps !\",\"publisher\":{\"@id\":\"https:\\\/\\\/www.notredamealarose.be\\\/#organization\"},\"potentialAction\":[{\"@type\":\"SearchAction\",\"target\":{\"@type\":\"EntryPoint\",\"urlTemplate\":\"https:\\\/\\\/www.notredamealarose.be\\\/?s={search_term_string}\"},\"query-input\":{\"@type\":\"PropertyValueSpecification\",\"valueRequired\":true,\"valueName\":\"search_term_string\"}}],\"inLanguage\":\"nl-NL\"},{\"@type\":\"Organization\",\"@id\":\"https:\\\/\\\/www.notredamealarose.be\\\/#organization\",\"name\":\"H\u00f4pital Notre-Dame \u00e0 la Rose - Lessines\",\"url\":\"https:\\\/\\\/www.notredamealarose.be\\\/\",\"logo\":{\"@type\":\"ImageObject\",\"inLanguage\":\"nl-NL\",\"@id\":\"https:\\\/\\\/www.notredamealarose.be\\\/#\\\/schema\\\/logo\\\/image\\\/\",\"url\":\"https:\\\/\\\/www.notredamealarose.be\\\/2022\\\/wp-content\\\/uploads\\\/2023\\\/12\\\/HNDR-logo-monochrome-neg.png\",\"contentUrl\":\"https:\\\/\\\/www.notredamealarose.be\\\/2022\\\/wp-content\\\/uploads\\\/2023\\\/12\\\/HNDR-logo-monochrome-neg.png\",\"width\":1998,\"height\":1239,\"caption\":\"H\u00f4pital Notre-Dame \u00e0 la Rose - Lessines\"},\"image\":{\"@id\":\"https:\\\/\\\/www.notredamealarose.be\\\/#\\\/schema\\\/logo\\\/image\\\/\"}},{\"@type\":\"Person\",\"@id\":\"https:\\\/\\\/www.notredamealarose.be\\\/#\\\/schema\\\/person\\\/3a0a461049a481d42e8ad6f61694678d\",\"name\":\"Mus\u00e9e\",\"image\":{\"@type\":\"ImageObject\",\"inLanguage\":\"nl-NL\",\"@id\":\"https:\\\/\\\/secure.gravatar.com\\\/avatar\\\/d59e3c407838667b10d1f1e213a4b001755f76ec2c46053968d78e5edb94fd0e?s=96&d=mm&r=g\",\"url\":\"https:\\\/\\\/secure.gravatar.com\\\/avatar\\\/d59e3c407838667b10d1f1e213a4b001755f76ec2c46053968d78e5edb94fd0e?s=96&d=mm&r=g\",\"contentUrl\":\"https:\\\/\\\/secure.gravatar.com\\\/avatar\\\/d59e3c407838667b10d1f1e213a4b001755f76ec2c46053968d78e5edb94fd0e?s=96&d=mm&r=g\",\"caption\":\"Mus\u00e9e\"},\"url\":\"https:\\\/\\\/www.notredamealarose.be\\\/nl\\\/author\\\/ndalr2\\\/\"}]}<\/script>\n<!-- \/ Yoast SEO plugin. -->","yoast_head_json":{"title":"Nocturnes in juli en augustus - H\u00f4pital Notre-Dame \u00e0 la Rose - Lessines","robots":{"index":"index","follow":"follow","max-snippet":"max-snippet:-1","max-image-preview":"max-image-preview:large","max-video-preview":"max-video-preview:-1"},"canonical":"https:\/\/www.notredamealarose.be\/nl\/nocturnes-in-juli-en-augustus\/","og_locale":"nl_NL","og_type":"article","og_title":"Nocturnes in juli en augustus - H\u00f4pital Notre-Dame \u00e0 la Rose - Lessines","og_description":"Een site, een universeel monument, een originele architectuur, een prestigieuse collectie\u2026 Ontdek of herontdek deze magische site bij kaarslicht ! Ook U zult verwonderd en gefascineerd zijn door de heel bijzondere sfeer waarin de avondschermering het Hospitaal onderdompelt. Elke eerste en vierde vrijdag in juli en augustus, van 21u af. &nbsp; &nbsp; Enregistrer Enregistrer","og_url":"https:\/\/www.notredamealarose.be\/nl\/nocturnes-in-juli-en-augustus\/","og_site_name":"H\u00f4pital Notre-Dame \u00e0 la Rose - Lessines","article_published_time":"2017-07-05T13:20:56+00:00","author":"Mus\u00e9e","twitter_card":"summary_large_image","schema":{"@context":"https:\/\/schema.org","@graph":[{"@type":"Article","@id":"https:\/\/www.notredamealarose.be\/nl\/nocturnes-in-juli-en-augustus\/#article","isPartOf":{"@id":"https:\/\/www.notredamealarose.be\/nl\/nocturnes-in-juli-en-augustus\/"},"author":{"name":"Mus\u00e9e","@id":"https:\/\/www.notredamealarose.be\/#\/schema\/person\/3a0a461049a481d42e8ad6f61694678d"},"headline":"Nocturnes in juli en augustus","datePublished":"2017-07-05T13:20:56+00:00","mainEntityOfPage":{"@id":"https:\/\/www.notredamealarose.be\/nl\/nocturnes-in-juli-en-augustus\/"},"wordCount":73,"commentCount":0,"publisher":{"@id":"https:\/\/www.notredamealarose.be\/#organization"},"image":{"@id":"https:\/\/www.notredamealarose.be\/nl\/nocturnes-in-juli-en-augustus\/#primaryimage"},"thumbnailUrl":"","articleSection":["Actualit\u00e9s"],"inLanguage":"nl-NL"},{"@type":"WebPage","@id":"https:\/\/www.notredamealarose.be\/nl\/nocturnes-in-juli-en-augustus\/","url":"https:\/\/www.notredamealarose.be\/nl\/nocturnes-in-juli-en-augustus\/","name":"Nocturnes in juli en augustus - H\u00f4pital Notre-Dame \u00e0 la Rose - Lessines","isPartOf":{"@id":"https:\/\/www.notredamealarose.be\/#website"},"primaryImageOfPage":{"@id":"https:\/\/www.notredamealarose.be\/nl\/nocturnes-in-juli-en-augustus\/#primaryimage"},"image":{"@id":"https:\/\/www.notredamealarose.be\/nl\/nocturnes-in-juli-en-augustus\/#primaryimage"},"thumbnailUrl":"","datePublished":"2017-07-05T13:20:56+00:00","breadcrumb":{"@id":"https:\/\/www.notredamealarose.be\/nl\/nocturnes-in-juli-en-augustus\/#breadcrumb"},"inLanguage":"nl-NL","potentialAction":[{"@type":"ReadAction","target":["https:\/\/www.notredamealarose.be\/nl\/nocturnes-in-juli-en-augustus\/"]}]},{"@type":"ImageObject","inLanguage":"nl-NL","@id":"https:\/\/www.notredamealarose.be\/nl\/nocturnes-in-juli-en-augustus\/#primaryimage","url":"","contentUrl":""},{"@type":"BreadcrumbList","@id":"https:\/\/www.notredamealarose.be\/nl\/nocturnes-in-juli-en-augustus\/#breadcrumb","itemListElement":[{"@type":"ListItem","position":1,"name":"Accueil","item":"https:\/\/www.notredamealarose.be\/nl\/"},{"@type":"ListItem","position":2,"name":"Nocturnes in juli en augustus"}]},{"@type":"WebSite","@id":"https:\/\/www.notredamealarose.be\/#website","url":"https:\/\/www.notredamealarose.be\/","name":"H\u00f4pital Notre-Dame \u00e0 la Rose - Lessines","description":"Un mus\u00e9e magique et hors du temps !","publisher":{"@id":"https:\/\/www.notredamealarose.be\/#organization"},"potentialAction":[{"@type":"SearchAction","target":{"@type":"EntryPoint","urlTemplate":"https:\/\/www.notredamealarose.be\/?s={search_term_string}"},"query-input":{"@type":"PropertyValueSpecification","valueRequired":true,"valueName":"search_term_string"}}],"inLanguage":"nl-NL"},{"@type":"Organization","@id":"https:\/\/www.notredamealarose.be\/#organization","name":"H\u00f4pital Notre-Dame \u00e0 la Rose - Lessines","url":"https:\/\/www.notredamealarose.be\/","logo":{"@type":"ImageObject","inLanguage":"nl-NL","@id":"https:\/\/www.notredamealarose.be\/#\/schema\/logo\/image\/","url":"https:\/\/www.notredamealarose.be\/2022\/wp-content\/uploads\/2023\/12\/HNDR-logo-monochrome-neg.png","contentUrl":"https:\/\/www.notredamealarose.be\/2022\/wp-content\/uploads\/2023\/12\/HNDR-logo-monochrome-neg.png","width":1998,"height":1239,"caption":"H\u00f4pital Notre-Dame \u00e0 la Rose - Lessines"},"image":{"@id":"https:\/\/www.notredamealarose.be\/#\/schema\/logo\/image\/"}},{"@type":"Person","@id":"https:\/\/www.notredamealarose.be\/#\/schema\/person\/3a0a461049a481d42e8ad6f61694678d","name":"Mus\u00e9e","image":{"@type":"ImageObject","inLanguage":"nl-NL","@id":"https:\/\/secure.gravatar.com\/avatar\/d59e3c407838667b10d1f1e213a4b001755f76ec2c46053968d78e5edb94fd0e?s=96&d=mm&r=g","url":"https:\/\/secure.gravatar.com\/avatar\/d59e3c407838667b10d1f1e213a4b001755f76ec2c46053968d78e5edb94fd0e?s=96&d=mm&r=g","contentUrl":"https:\/\/secure.gravatar.com\/avatar\/d59e3c407838667b10d1f1e213a4b001755f76ec2c46053968d78e5edb94fd0e?s=96&d=mm&r=g","caption":"Mus\u00e9e"},"url":"https:\/\/www.notredamealarose.be\/nl\/author\/ndalr2\/"}]}},"jetpack_featured_media_url":"","jetpack_sharing_enabled":true,"_links":{"self":[{"href":"https:\/\/www.notredamealarose.be\/nl\/wp-json\/wp\/v2\/posts\/4275","targetHints":{"allow":["GET"]}}],"collection":[{"href":"https:\/\/www.notredamealarose.be\/nl\/wp-json\/wp\/v2\/posts"}],"about":[{"href":"https:\/\/www.notredamealarose.be\/nl\/wp-json\/wp\/v2\/types\/post"}],"author":[{"embeddable":true,"href":"https:\/\/www.notredamealarose.be\/nl\/wp-json\/wp\/v2\/users\/2"}],"replies":[{"embeddable":true,"href":"https:\/\/www.notredamealarose.be\/nl\/wp-json\/wp\/v2\/comments?post=4275"}],"version-history":[{"count":0,"href":"https:\/\/www.notredamealarose.be\/nl\/wp-json\/wp\/v2\/posts\/4275\/revisions"}],"wp:featuredmedia":[{"embeddable":true,"href":"https:\/\/www.notredamealarose.be\/nl\/wp-json\/"}],"wp:attachment":[{"href":"https:\/\/www.notredamealarose.be\/nl\/wp-json\/wp\/v2\/media?parent=4275"}],"wp:term":[{"taxonomy":"category","embeddable":true,"href":"https:\/\/www.notredamealarose.be\/nl\/wp-json\/wp\/v2\/categories?post=4275"},{"taxonomy":"post_tag","embeddable":true,"href":"https:\/\/www.notredamealarose.be\/nl\/wp-json\/wp\/v2\/tags?post=4275"}],"curies":[{"name":"wp","href":"https:\/\/api.w.org\/{rel}","templated":true}]}}