{"id":4416,"date":"2017-09-12T14:49:27","date_gmt":"2017-09-12T12:49:27","guid":{"rendered":"http:\/\/www.notredamealarose.com\/?p=4416"},"modified":"2017-09-12T14:49:27","modified_gmt":"2017-09-12T12:49:27","slug":"expo-pjeroo-roobjee-2309-17122017","status":"publish","type":"post","link":"https:\/\/www.notredamealarose.be\/nl\/expo-pjeroo-roobjee-2309-17122017\/","title":{"rendered":"Expo &#8220;Pjeroo Roobjee&#8221; (23\/09-17\/12\/2017)"},"content":{"rendered":"<p><img loading=\"lazy\" decoding=\"async\" class=\"size-medium wp-image-4410 alignleft\" src=\"https:\/\/www.notredamealarose.be\/wp-content\/uploads\/2017\/09\/IMG_5256-297x300.jpg\" alt=\"\" width=\"297\" height=\"300\" \/>Als pluridisciplinair kunstenaar bekleedt Pjeroo Roobjee een aparte plaats in Vlaanderen, niet enkel in de plastische kunsten maar ook in de literatuur en op het vlak van de performance. Hij woont in Ellezelles in een typisch huis van de textielbaronnen uit de 20e eeuw. Zijn groot atelier ligt iets verderop.<\/p>\n<p>Na een tentoonstelling met schilderijen van groot formaat in he cultuurhuis van Doornik in 2016, stelt hij dit keer werk tentoon in verschillende technieken (schilderijen, tekeningen, werk in keramiek en glas&#8230;). De werken zullen opgesteld worden in dialoog met het erfgoed van het Hospitaal Notre-Dame \u00e0 la Rose.<\/p>\n<p>Tentoonstelling in samenwerking met La Maison de la Culture van Doornik.<\/p>\n<p>&nbsp;<\/p>\n","protected":false},"excerpt":{"rendered":"<p>Als pluridisciplinair kunstenaar bekleedt Pjeroo Roobjee een aparte plaats in Vlaanderen, niet enkel in de plastische kunsten maar ook in de literatuur en op het vlak van de performance. Hij woont in Ellezelles in een typisch huis van de textielbaronnen uit de 20e eeuw. Zijn groot atelier ligt iets verderop. Na een tentoonstelling met schilderijen [&hellip;]<\/p>\n","protected":false},"author":2,"featured_media":4410,"comment_status":"open","ping_status":"open","sticky":false,"template":"","format":"standard","meta":{"site-sidebar-layout":"default","site-content-layout":"","ast-site-content-layout":"","site-content-style":"default","site-sidebar-style":"default","ast-global-header-display":"","ast-banner-title-visibility":"","ast-main-header-display":"","ast-hfb-above-header-display":"","ast-hfb-below-header-display":"","ast-hfb-mobile-header-display":"","site-post-title":"","ast-breadcrumbs-content":"","ast-featured-img":"","footer-sml-layout":"","theme-transparent-header-meta":"","adv-header-id-meta":"","stick-header-meta":"","header-above-stick-meta":"","header-main-stick-meta":"","header-below-stick-meta":"","astra-migrate-meta-layouts":"default","ast-page-background-enabled":"default","ast-page-background-meta":{"desktop":{"background-color":"var(--ast-global-color-4)","background-image":"","background-repeat":"repeat","background-position":"center center","background-size":"auto","background-attachment":"scroll","background-type":"","background-media":"","overlay-type":"","overlay-color":"","overlay-gradient":""},"tablet":{"background-color":"","background-image":"","background-repeat":"repeat","background-position":"center center","background-size":"auto","background-attachment":"scroll","background-type":"","background-media":"","overlay-type":"","overlay-color":"","overlay-gradient":""},"mobile":{"background-color":"","background-image":"","background-repeat":"repeat","background-position":"center center","background-size":"auto","background-attachment":"scroll","background-type":"","background-media":"","overlay-type":"","overlay-color":"","overlay-gradient":""}},"ast-content-background-meta":{"desktop":{"background-color":"var(--ast-global-color-5)","background-image":"","background-repeat":"repeat","background-position":"center center","background-size":"auto","background-attachment":"scroll","background-type":"","background-media":"","overlay-type":"","overlay-color":"","overlay-gradient":""},"tablet":{"background-color":"var(--ast-global-color-5)","background-image":"","background-repeat":"repeat","background-position":"center center","background-size":"auto","background-attachment":"scroll","background-type":"","background-media":"","overlay-type":"","overlay-color":"","overlay-gradient":""},"mobile":{"background-color":"var(--ast-global-color-5)","background-image":"","background-repeat":"repeat","background-position":"center center","background-size":"auto","background-attachment":"scroll","background-type":"","background-media":"","overlay-type":"","overlay-color":"","overlay-gradient":""}},"_price":"","_stock":"","_tribe_ticket_header":"","_tribe_default_ticket_provider":"","_tribe_ticket_capacity":"0","_ticket_start_date":"","_ticket_end_date":"","_tribe_ticket_show_description":"","_tribe_ticket_show_not_going":false,"_tribe_ticket_use_global_stock":"","_tribe_ticket_global_stock_level":"","_global_stock_mode":"","_global_stock_cap":"","_tribe_rsvp_for_event":"","_tribe_ticket_going_count":"","_tribe_ticket_not_going_count":"","_tribe_tickets_list":"[]","_tribe_ticket_has_attendee_info_fields":false,"_jetpack_memberships_contains_paid_content":false,"footnotes":""},"categories":[3],"tags":[],"class_list":["post-4416","post","type-post","status-publish","format-standard","has-post-thumbnail","hentry","category-actualites"],"yoast_head":"<!-- This site is optimized with the Yoast SEO plugin v27.4 - https:\/\/yoast.com\/product\/yoast-seo-wordpress\/ -->\n<title>Expo &quot;Pjeroo Roobjee&quot; (23\/09-17\/12\/2017) - H\u00f4pital Notre-Dame \u00e0 la Rose - Lessines<\/title>\n<meta name=\"robots\" content=\"index, follow, max-snippet:-1, max-image-preview:large, max-video-preview:-1\" \/>\n<link rel=\"canonical\" href=\"https:\/\/www.notredamealarose.be\/art-dans-la-ville-pjeroo-roobjee-a-lhopital-notre-dame-a-la-rose\/\" \/>\n<meta property=\"og:locale\" content=\"nl_NL\" \/>\n<meta property=\"og:type\" content=\"article\" \/>\n<meta property=\"og:title\" content=\"Expo &quot;Pjeroo Roobjee&quot; (23\/09-17\/12\/2017) - H\u00f4pital Notre-Dame \u00e0 la Rose - Lessines\" \/>\n<meta property=\"og:description\" content=\"Als pluridisciplinair kunstenaar bekleedt Pjeroo Roobjee een aparte plaats in Vlaanderen, niet enkel in de plastische kunsten maar ook in de literatuur en op het vlak van de performance. Hij woont in Ellezelles in een typisch huis van de textielbaronnen uit de 20e eeuw. Zijn groot atelier ligt iets verderop. Na een tentoonstelling met schilderijen [&hellip;]\" \/>\n<meta property=\"og:url\" content=\"https:\/\/www.notredamealarose.be\/art-dans-la-ville-pjeroo-roobjee-a-lhopital-notre-dame-a-la-rose\/\" \/>\n<meta property=\"og:site_name\" content=\"H\u00f4pital Notre-Dame \u00e0 la Rose - Lessines\" \/>\n<meta property=\"article:published_time\" content=\"2017-09-12T12:49:27+00:00\" \/>\n<meta name=\"author\" content=\"Mus\u00e9e\" \/>\n<meta name=\"twitter:card\" content=\"summary_large_image\" \/>\n<script type=\"application\/ld+json\" class=\"yoast-schema-graph\">{\"@context\":\"https:\\\/\\\/schema.org\",\"@graph\":[{\"@type\":\"Article\",\"@id\":\"https:\\\/\\\/www.notredamealarose.be\\\/art-dans-la-ville-pjeroo-roobjee-a-lhopital-notre-dame-a-la-rose\\\/#article\",\"isPartOf\":{\"@id\":\"https:\\\/\\\/www.notredamealarose.be\\\/art-dans-la-ville-pjeroo-roobjee-a-lhopital-notre-dame-a-la-rose\\\/\"},\"author\":{\"name\":\"Mus\u00e9e\",\"@id\":\"https:\\\/\\\/www.notredamealarose.be\\\/#\\\/schema\\\/person\\\/3a0a461049a481d42e8ad6f61694678d\"},\"headline\":\"Expo &#8220;Pjeroo Roobjee&#8221; (23\\\/09-17\\\/12\\\/2017)\",\"datePublished\":\"2017-09-12T12:49:27+00:00\",\"mainEntityOfPage\":{\"@id\":\"https:\\\/\\\/www.notredamealarose.be\\\/art-dans-la-ville-pjeroo-roobjee-a-lhopital-notre-dame-a-la-rose\\\/\"},\"wordCount\":112,\"commentCount\":0,\"publisher\":{\"@id\":\"https:\\\/\\\/www.notredamealarose.be\\\/#organization\"},\"image\":{\"@id\":\"https:\\\/\\\/www.notredamealarose.be\\\/art-dans-la-ville-pjeroo-roobjee-a-lhopital-notre-dame-a-la-rose\\\/#primaryimage\"},\"thumbnailUrl\":\"\",\"articleSection\":[\"Actualit\u00e9s\"],\"inLanguage\":\"nl-NL\"},{\"@type\":\"WebPage\",\"@id\":\"https:\\\/\\\/www.notredamealarose.be\\\/art-dans-la-ville-pjeroo-roobjee-a-lhopital-notre-dame-a-la-rose\\\/\",\"url\":\"https:\\\/\\\/www.notredamealarose.be\\\/art-dans-la-ville-pjeroo-roobjee-a-lhopital-notre-dame-a-la-rose\\\/\",\"name\":\"Expo \\\"Pjeroo Roobjee\\\" (23\\\/09-17\\\/12\\\/2017) - H\u00f4pital Notre-Dame \u00e0 la Rose - Lessines\",\"isPartOf\":{\"@id\":\"https:\\\/\\\/www.notredamealarose.be\\\/#website\"},\"primaryImageOfPage\":{\"@id\":\"https:\\\/\\\/www.notredamealarose.be\\\/art-dans-la-ville-pjeroo-roobjee-a-lhopital-notre-dame-a-la-rose\\\/#primaryimage\"},\"image\":{\"@id\":\"https:\\\/\\\/www.notredamealarose.be\\\/art-dans-la-ville-pjeroo-roobjee-a-lhopital-notre-dame-a-la-rose\\\/#primaryimage\"},\"thumbnailUrl\":\"\",\"datePublished\":\"2017-09-12T12:49:27+00:00\",\"breadcrumb\":{\"@id\":\"https:\\\/\\\/www.notredamealarose.be\\\/art-dans-la-ville-pjeroo-roobjee-a-lhopital-notre-dame-a-la-rose\\\/#breadcrumb\"},\"inLanguage\":\"nl-NL\",\"potentialAction\":[{\"@type\":\"ReadAction\",\"target\":[\"https:\\\/\\\/www.notredamealarose.be\\\/art-dans-la-ville-pjeroo-roobjee-a-lhopital-notre-dame-a-la-rose\\\/\"]}]},{\"@type\":\"ImageObject\",\"inLanguage\":\"nl-NL\",\"@id\":\"https:\\\/\\\/www.notredamealarose.be\\\/art-dans-la-ville-pjeroo-roobjee-a-lhopital-notre-dame-a-la-rose\\\/#primaryimage\",\"url\":\"\",\"contentUrl\":\"\"},{\"@type\":\"BreadcrumbList\",\"@id\":\"https:\\\/\\\/www.notredamealarose.be\\\/art-dans-la-ville-pjeroo-roobjee-a-lhopital-notre-dame-a-la-rose\\\/#breadcrumb\",\"itemListElement\":[{\"@type\":\"ListItem\",\"position\":1,\"name\":\"Accueil\",\"item\":\"https:\\\/\\\/www.notredamealarose.be\\\/nl\\\/\"},{\"@type\":\"ListItem\",\"position\":2,\"name\":\"Expo \u00ab\u00a0Pjeroo Roobjee\u00a0\u00bb (23\\\/09-17\\\/12\\\/2017)\"}]},{\"@type\":\"WebSite\",\"@id\":\"https:\\\/\\\/www.notredamealarose.be\\\/#website\",\"url\":\"https:\\\/\\\/www.notredamealarose.be\\\/\",\"name\":\"H\u00f4pital Notre-Dame \u00e0 la Rose - Lessines\",\"description\":\"Un mus\u00e9e magique et hors du temps !\",\"publisher\":{\"@id\":\"https:\\\/\\\/www.notredamealarose.be\\\/#organization\"},\"potentialAction\":[{\"@type\":\"SearchAction\",\"target\":{\"@type\":\"EntryPoint\",\"urlTemplate\":\"https:\\\/\\\/www.notredamealarose.be\\\/?s={search_term_string}\"},\"query-input\":{\"@type\":\"PropertyValueSpecification\",\"valueRequired\":true,\"valueName\":\"search_term_string\"}}],\"inLanguage\":\"nl-NL\"},{\"@type\":\"Organization\",\"@id\":\"https:\\\/\\\/www.notredamealarose.be\\\/#organization\",\"name\":\"H\u00f4pital Notre-Dame \u00e0 la Rose - Lessines\",\"url\":\"https:\\\/\\\/www.notredamealarose.be\\\/\",\"logo\":{\"@type\":\"ImageObject\",\"inLanguage\":\"nl-NL\",\"@id\":\"https:\\\/\\\/www.notredamealarose.be\\\/#\\\/schema\\\/logo\\\/image\\\/\",\"url\":\"https:\\\/\\\/www.notredamealarose.be\\\/2022\\\/wp-content\\\/uploads\\\/2023\\\/12\\\/HNDR-logo-monochrome-neg.png\",\"contentUrl\":\"https:\\\/\\\/www.notredamealarose.be\\\/2022\\\/wp-content\\\/uploads\\\/2023\\\/12\\\/HNDR-logo-monochrome-neg.png\",\"width\":1998,\"height\":1239,\"caption\":\"H\u00f4pital Notre-Dame \u00e0 la Rose - Lessines\"},\"image\":{\"@id\":\"https:\\\/\\\/www.notredamealarose.be\\\/#\\\/schema\\\/logo\\\/image\\\/\"}},{\"@type\":\"Person\",\"@id\":\"https:\\\/\\\/www.notredamealarose.be\\\/#\\\/schema\\\/person\\\/3a0a461049a481d42e8ad6f61694678d\",\"name\":\"Mus\u00e9e\",\"image\":{\"@type\":\"ImageObject\",\"inLanguage\":\"nl-NL\",\"@id\":\"https:\\\/\\\/secure.gravatar.com\\\/avatar\\\/d59e3c407838667b10d1f1e213a4b001755f76ec2c46053968d78e5edb94fd0e?s=96&d=mm&r=g\",\"url\":\"https:\\\/\\\/secure.gravatar.com\\\/avatar\\\/d59e3c407838667b10d1f1e213a4b001755f76ec2c46053968d78e5edb94fd0e?s=96&d=mm&r=g\",\"contentUrl\":\"https:\\\/\\\/secure.gravatar.com\\\/avatar\\\/d59e3c407838667b10d1f1e213a4b001755f76ec2c46053968d78e5edb94fd0e?s=96&d=mm&r=g\",\"caption\":\"Mus\u00e9e\"},\"url\":\"https:\\\/\\\/www.notredamealarose.be\\\/nl\\\/author\\\/ndalr2\\\/\"}]}<\/script>\n<!-- \/ Yoast SEO plugin. -->","yoast_head_json":{"title":"Expo \"Pjeroo Roobjee\" (23\/09-17\/12\/2017) - H\u00f4pital Notre-Dame \u00e0 la Rose - Lessines","robots":{"index":"index","follow":"follow","max-snippet":"max-snippet:-1","max-image-preview":"max-image-preview:large","max-video-preview":"max-video-preview:-1"},"canonical":"https:\/\/www.notredamealarose.be\/art-dans-la-ville-pjeroo-roobjee-a-lhopital-notre-dame-a-la-rose\/","og_locale":"nl_NL","og_type":"article","og_title":"Expo \"Pjeroo Roobjee\" (23\/09-17\/12\/2017) - H\u00f4pital Notre-Dame \u00e0 la Rose - Lessines","og_description":"Als pluridisciplinair kunstenaar bekleedt Pjeroo Roobjee een aparte plaats in Vlaanderen, niet enkel in de plastische kunsten maar ook in de literatuur en op het vlak van de performance. Hij woont in Ellezelles in een typisch huis van de textielbaronnen uit de 20e eeuw. Zijn groot atelier ligt iets verderop. Na een tentoonstelling met schilderijen [&hellip;]","og_url":"https:\/\/www.notredamealarose.be\/art-dans-la-ville-pjeroo-roobjee-a-lhopital-notre-dame-a-la-rose\/","og_site_name":"H\u00f4pital Notre-Dame \u00e0 la Rose - Lessines","article_published_time":"2017-09-12T12:49:27+00:00","author":"Mus\u00e9e","twitter_card":"summary_large_image","schema":{"@context":"https:\/\/schema.org","@graph":[{"@type":"Article","@id":"https:\/\/www.notredamealarose.be\/art-dans-la-ville-pjeroo-roobjee-a-lhopital-notre-dame-a-la-rose\/#article","isPartOf":{"@id":"https:\/\/www.notredamealarose.be\/art-dans-la-ville-pjeroo-roobjee-a-lhopital-notre-dame-a-la-rose\/"},"author":{"name":"Mus\u00e9e","@id":"https:\/\/www.notredamealarose.be\/#\/schema\/person\/3a0a461049a481d42e8ad6f61694678d"},"headline":"Expo &#8220;Pjeroo Roobjee&#8221; (23\/09-17\/12\/2017)","datePublished":"2017-09-12T12:49:27+00:00","mainEntityOfPage":{"@id":"https:\/\/www.notredamealarose.be\/art-dans-la-ville-pjeroo-roobjee-a-lhopital-notre-dame-a-la-rose\/"},"wordCount":112,"commentCount":0,"publisher":{"@id":"https:\/\/www.notredamealarose.be\/#organization"},"image":{"@id":"https:\/\/www.notredamealarose.be\/art-dans-la-ville-pjeroo-roobjee-a-lhopital-notre-dame-a-la-rose\/#primaryimage"},"thumbnailUrl":"","articleSection":["Actualit\u00e9s"],"inLanguage":"nl-NL"},{"@type":"WebPage","@id":"https:\/\/www.notredamealarose.be\/art-dans-la-ville-pjeroo-roobjee-a-lhopital-notre-dame-a-la-rose\/","url":"https:\/\/www.notredamealarose.be\/art-dans-la-ville-pjeroo-roobjee-a-lhopital-notre-dame-a-la-rose\/","name":"Expo \"Pjeroo Roobjee\" (23\/09-17\/12\/2017) - H\u00f4pital Notre-Dame \u00e0 la Rose - Lessines","isPartOf":{"@id":"https:\/\/www.notredamealarose.be\/#website"},"primaryImageOfPage":{"@id":"https:\/\/www.notredamealarose.be\/art-dans-la-ville-pjeroo-roobjee-a-lhopital-notre-dame-a-la-rose\/#primaryimage"},"image":{"@id":"https:\/\/www.notredamealarose.be\/art-dans-la-ville-pjeroo-roobjee-a-lhopital-notre-dame-a-la-rose\/#primaryimage"},"thumbnailUrl":"","datePublished":"2017-09-12T12:49:27+00:00","breadcrumb":{"@id":"https:\/\/www.notredamealarose.be\/art-dans-la-ville-pjeroo-roobjee-a-lhopital-notre-dame-a-la-rose\/#breadcrumb"},"inLanguage":"nl-NL","potentialAction":[{"@type":"ReadAction","target":["https:\/\/www.notredamealarose.be\/art-dans-la-ville-pjeroo-roobjee-a-lhopital-notre-dame-a-la-rose\/"]}]},{"@type":"ImageObject","inLanguage":"nl-NL","@id":"https:\/\/www.notredamealarose.be\/art-dans-la-ville-pjeroo-roobjee-a-lhopital-notre-dame-a-la-rose\/#primaryimage","url":"","contentUrl":""},{"@type":"BreadcrumbList","@id":"https:\/\/www.notredamealarose.be\/art-dans-la-ville-pjeroo-roobjee-a-lhopital-notre-dame-a-la-rose\/#breadcrumb","itemListElement":[{"@type":"ListItem","position":1,"name":"Accueil","item":"https:\/\/www.notredamealarose.be\/nl\/"},{"@type":"ListItem","position":2,"name":"Expo \u00ab\u00a0Pjeroo Roobjee\u00a0\u00bb (23\/09-17\/12\/2017)"}]},{"@type":"WebSite","@id":"https:\/\/www.notredamealarose.be\/#website","url":"https:\/\/www.notredamealarose.be\/","name":"H\u00f4pital Notre-Dame \u00e0 la Rose - Lessines","description":"Un mus\u00e9e magique et hors du temps !","publisher":{"@id":"https:\/\/www.notredamealarose.be\/#organization"},"potentialAction":[{"@type":"SearchAction","target":{"@type":"EntryPoint","urlTemplate":"https:\/\/www.notredamealarose.be\/?s={search_term_string}"},"query-input":{"@type":"PropertyValueSpecification","valueRequired":true,"valueName":"search_term_string"}}],"inLanguage":"nl-NL"},{"@type":"Organization","@id":"https:\/\/www.notredamealarose.be\/#organization","name":"H\u00f4pital Notre-Dame \u00e0 la Rose - Lessines","url":"https:\/\/www.notredamealarose.be\/","logo":{"@type":"ImageObject","inLanguage":"nl-NL","@id":"https:\/\/www.notredamealarose.be\/#\/schema\/logo\/image\/","url":"https:\/\/www.notredamealarose.be\/2022\/wp-content\/uploads\/2023\/12\/HNDR-logo-monochrome-neg.png","contentUrl":"https:\/\/www.notredamealarose.be\/2022\/wp-content\/uploads\/2023\/12\/HNDR-logo-monochrome-neg.png","width":1998,"height":1239,"caption":"H\u00f4pital Notre-Dame \u00e0 la Rose - Lessines"},"image":{"@id":"https:\/\/www.notredamealarose.be\/#\/schema\/logo\/image\/"}},{"@type":"Person","@id":"https:\/\/www.notredamealarose.be\/#\/schema\/person\/3a0a461049a481d42e8ad6f61694678d","name":"Mus\u00e9e","image":{"@type":"ImageObject","inLanguage":"nl-NL","@id":"https:\/\/secure.gravatar.com\/avatar\/d59e3c407838667b10d1f1e213a4b001755f76ec2c46053968d78e5edb94fd0e?s=96&d=mm&r=g","url":"https:\/\/secure.gravatar.com\/avatar\/d59e3c407838667b10d1f1e213a4b001755f76ec2c46053968d78e5edb94fd0e?s=96&d=mm&r=g","contentUrl":"https:\/\/secure.gravatar.com\/avatar\/d59e3c407838667b10d1f1e213a4b001755f76ec2c46053968d78e5edb94fd0e?s=96&d=mm&r=g","caption":"Mus\u00e9e"},"url":"https:\/\/www.notredamealarose.be\/nl\/author\/ndalr2\/"}]}},"jetpack_featured_media_url":"","jetpack_sharing_enabled":true,"_links":{"self":[{"href":"https:\/\/www.notredamealarose.be\/nl\/wp-json\/wp\/v2\/posts\/4416","targetHints":{"allow":["GET"]}}],"collection":[{"href":"https:\/\/www.notredamealarose.be\/nl\/wp-json\/wp\/v2\/posts"}],"about":[{"href":"https:\/\/www.notredamealarose.be\/nl\/wp-json\/wp\/v2\/types\/post"}],"author":[{"embeddable":true,"href":"https:\/\/www.notredamealarose.be\/nl\/wp-json\/wp\/v2\/users\/2"}],"replies":[{"embeddable":true,"href":"https:\/\/www.notredamealarose.be\/nl\/wp-json\/wp\/v2\/comments?post=4416"}],"version-history":[{"count":0,"href":"https:\/\/www.notredamealarose.be\/nl\/wp-json\/wp\/v2\/posts\/4416\/revisions"}],"wp:featuredmedia":[{"embeddable":true,"href":"https:\/\/www.notredamealarose.be\/nl\/wp-json\/"}],"wp:attachment":[{"href":"https:\/\/www.notredamealarose.be\/nl\/wp-json\/wp\/v2\/media?parent=4416"}],"wp:term":[{"taxonomy":"category","embeddable":true,"href":"https:\/\/www.notredamealarose.be\/nl\/wp-json\/wp\/v2\/categories?post=4416"},{"taxonomy":"post_tag","embeddable":true,"href":"https:\/\/www.notredamealarose.be\/nl\/wp-json\/wp\/v2\/tags?post=4416"}],"curies":[{"name":"wp","href":"https:\/\/api.w.org\/{rel}","templated":true}]}}