{"id":4493,"date":"2017-11-10T15:08:33","date_gmt":"2017-11-10T14:08:33","guid":{"rendered":"http:\/\/www.notredamealarose.com\/?p=4493"},"modified":"2017-11-10T15:08:33","modified_gmt":"2017-11-10T14:08:33","slug":"film-toevallig-langs-de-dender-donderdag-712-om-20u","status":"publish","type":"post","link":"https:\/\/www.notredamealarose.be\/nl\/film-toevallig-langs-de-dender-donderdag-712-om-20u\/","title":{"rendered":"Film &#8216;Toevallig langs de Dender&#8217;, donderdag 7\/12 om 20u"},"content":{"rendered":"<p><img loading=\"lazy\" decoding=\"async\" class=\"size-medium wp-image-4489 alignleft\" src=\"https:\/\/www.notredamealarose.be\/wp-content\/uploads\/2017\/11\/Dendre-300x218.jpg\" alt=\"\" width=\"300\" height=\"218\" \/>Filmmaker Julien Vandevelde reisde de Dender af en maakte twee documentaires over het leven langs de rivier. Het eerste deel focust op Walloni\u00eb met o.a. de rituelen van de reuzen van de Ducasse en de processie van Goede Vrijdag. In het tweede deel maak je kennis met de Ronde van Vlaanderen, de Voil Jeanetten en natuurlijk de vestingstad Dendermonde met de demping van de Dender.<\/p>\n<p>De film wordt op donderdag 7 december om 20u geprojecteerd in de zaal Jean-Claude Drouot.<\/p>\n<p>Reservaties : http:\/\/www.ccrenemagritte.be\/?spectacle=projection-du-film-la-dendre<\/p>\n<p><span style=\"border-radius: 2px; text-indent: 20px; width: auto; padding: 0px 4px 0px 0px; text-align: center; font: bold 11px\/20px 'Helvetica Neue',Helvetica,sans-serif; color: #ffffff; background: #bd081c no-repeat scroll 3px 50% \/ 14px 14px; position: absolute; opacity: 1; z-index: 8675309; display: none; cursor: pointer;\">Enregistrer<\/span><\/p>\n<p><span style=\"border-radius: 2px; text-indent: 20px; width: auto; padding: 0px 4px 0px 0px; text-align: center; font: bold 11px\/20px 'Helvetica Neue',Helvetica,sans-serif; color: #ffffff; background: #bd081c no-repeat scroll 3px 50% \/ 14px 14px; position: absolute; opacity: 1; z-index: 8675309; display: none; cursor: pointer;\">Enregistrer<\/span><\/p>\n<p><span style=\"border-radius: 2px; text-indent: 20px; width: auto; padding: 0px 4px 0px 0px; text-align: center; font: bold 11px\/20px 'Helvetica Neue',Helvetica,sans-serif; color: #ffffff; background: #bd081c  no-repeat scroll 3px 50% \/ 14px 14px; position: absolute; opacity: 1; z-index: 8675309; display: none; cursor: pointer;\">Enregistrer<\/span><\/p>\n","protected":false},"excerpt":{"rendered":"<p>Filmmaker Julien Vandevelde reisde de Dender af en maakte twee documentaires over het leven langs de rivier. Het eerste deel focust op Walloni\u00eb met o.a. de rituelen van de reuzen van de Ducasse en de processie van Goede Vrijdag. In het tweede deel maak je kennis met de Ronde van Vlaanderen, de Voil Jeanetten en [&hellip;]<\/p>\n","protected":false},"author":2,"featured_media":4489,"comment_status":"closed","ping_status":"open","sticky":false,"template":"","format":"standard","meta":{"site-sidebar-layout":"default","site-content-layout":"","ast-site-content-layout":"","site-content-style":"default","site-sidebar-style":"default","ast-global-header-display":"","ast-banner-title-visibility":"","ast-main-header-display":"","ast-hfb-above-header-display":"","ast-hfb-below-header-display":"","ast-hfb-mobile-header-display":"","site-post-title":"","ast-breadcrumbs-content":"","ast-featured-img":"","footer-sml-layout":"","theme-transparent-header-meta":"","adv-header-id-meta":"","stick-header-meta":"","header-above-stick-meta":"","header-main-stick-meta":"","header-below-stick-meta":"","astra-migrate-meta-layouts":"default","ast-page-background-enabled":"default","ast-page-background-meta":{"desktop":{"background-color":"var(--ast-global-color-4)","background-image":"","background-repeat":"repeat","background-position":"center center","background-size":"auto","background-attachment":"scroll","background-type":"","background-media":"","overlay-type":"","overlay-color":"","overlay-gradient":""},"tablet":{"background-color":"","background-image":"","background-repeat":"repeat","background-position":"center center","background-size":"auto","background-attachment":"scroll","background-type":"","background-media":"","overlay-type":"","overlay-color":"","overlay-gradient":""},"mobile":{"background-color":"","background-image":"","background-repeat":"repeat","background-position":"center center","background-size":"auto","background-attachment":"scroll","background-type":"","background-media":"","overlay-type":"","overlay-color":"","overlay-gradient":""}},"ast-content-background-meta":{"desktop":{"background-color":"var(--ast-global-color-5)","background-image":"","background-repeat":"repeat","background-position":"center center","background-size":"auto","background-attachment":"scroll","background-type":"","background-media":"","overlay-type":"","overlay-color":"","overlay-gradient":""},"tablet":{"background-color":"var(--ast-global-color-5)","background-image":"","background-repeat":"repeat","background-position":"center center","background-size":"auto","background-attachment":"scroll","background-type":"","background-media":"","overlay-type":"","overlay-color":"","overlay-gradient":""},"mobile":{"background-color":"var(--ast-global-color-5)","background-image":"","background-repeat":"repeat","background-position":"center center","background-size":"auto","background-attachment":"scroll","background-type":"","background-media":"","overlay-type":"","overlay-color":"","overlay-gradient":""}},"_price":"","_stock":"","_tribe_ticket_header":"","_tribe_default_ticket_provider":"","_tribe_ticket_capacity":"0","_ticket_start_date":"","_ticket_end_date":"","_tribe_ticket_show_description":"","_tribe_ticket_show_not_going":false,"_tribe_ticket_use_global_stock":"","_tribe_ticket_global_stock_level":"","_global_stock_mode":"","_global_stock_cap":"","_tribe_rsvp_for_event":"","_tribe_ticket_going_count":"","_tribe_ticket_not_going_count":"","_tribe_tickets_list":"[]","_tribe_ticket_has_attendee_info_fields":false,"_jetpack_memberships_contains_paid_content":false,"footnotes":""},"categories":[3],"tags":[],"class_list":["post-4493","post","type-post","status-publish","format-standard","has-post-thumbnail","hentry","category-actualites"],"yoast_head":"<!-- This site is optimized with the Yoast SEO plugin v27.4 - https:\/\/yoast.com\/product\/yoast-seo-wordpress\/ -->\n<title>Film &#039;Toevallig langs de Dender&#039;, donderdag 7\/12 om 20u - H\u00f4pital Notre-Dame \u00e0 la Rose - Lessines<\/title>\n<meta name=\"robots\" content=\"index, follow, max-snippet:-1, max-image-preview:large, max-video-preview:-1\" \/>\n<link rel=\"canonical\" href=\"https:\/\/www.notredamealarose.be\/?p=4487\" \/>\n<meta property=\"og:locale\" content=\"nl_NL\" \/>\n<meta property=\"og:type\" content=\"article\" \/>\n<meta property=\"og:title\" content=\"Film &#039;Toevallig langs de Dender&#039;, donderdag 7\/12 om 20u - H\u00f4pital Notre-Dame \u00e0 la Rose - Lessines\" \/>\n<meta property=\"og:description\" content=\"Filmmaker Julien Vandevelde reisde de Dender af en maakte twee documentaires over het leven langs de rivier. Het eerste deel focust op Walloni\u00eb met o.a. de rituelen van de reuzen van de Ducasse en de processie van Goede Vrijdag. In het tweede deel maak je kennis met de Ronde van Vlaanderen, de Voil Jeanetten en [&hellip;]\" \/>\n<meta property=\"og:url\" content=\"https:\/\/www.notredamealarose.be\/?p=4487\" \/>\n<meta property=\"og:site_name\" content=\"H\u00f4pital Notre-Dame \u00e0 la Rose - Lessines\" \/>\n<meta property=\"article:published_time\" content=\"2017-11-10T14:08:33+00:00\" \/>\n<meta name=\"author\" content=\"Mus\u00e9e\" \/>\n<meta name=\"twitter:card\" content=\"summary_large_image\" \/>\n<script type=\"application\/ld+json\" class=\"yoast-schema-graph\">{\"@context\":\"https:\\\/\\\/schema.org\",\"@graph\":[{\"@type\":\"Article\",\"@id\":\"https:\\\/\\\/www.notredamealarose.be\\\/?p=4487#article\",\"isPartOf\":{\"@id\":\"https:\\\/\\\/www.notredamealarose.be\\\/?p=4487\"},\"author\":{\"name\":\"Mus\u00e9e\",\"@id\":\"https:\\\/\\\/www.notredamealarose.be\\\/#\\\/schema\\\/person\\\/3a0a461049a481d42e8ad6f61694678d\"},\"headline\":\"Film &#8216;Toevallig langs de Dender&#8217;, donderdag 7\\\/12 om 20u\",\"datePublished\":\"2017-11-10T14:08:33+00:00\",\"mainEntityOfPage\":{\"@id\":\"https:\\\/\\\/www.notredamealarose.be\\\/?p=4487\"},\"wordCount\":98,\"publisher\":{\"@id\":\"https:\\\/\\\/www.notredamealarose.be\\\/#organization\"},\"image\":{\"@id\":\"https:\\\/\\\/www.notredamealarose.be\\\/?p=4487#primaryimage\"},\"thumbnailUrl\":\"\",\"articleSection\":[\"Actualit\u00e9s\"],\"inLanguage\":\"nl-NL\"},{\"@type\":\"WebPage\",\"@id\":\"https:\\\/\\\/www.notredamealarose.be\\\/?p=4487\",\"url\":\"https:\\\/\\\/www.notredamealarose.be\\\/?p=4487\",\"name\":\"Film 'Toevallig langs de Dender', donderdag 7\\\/12 om 20u - H\u00f4pital Notre-Dame \u00e0 la Rose - Lessines\",\"isPartOf\":{\"@id\":\"https:\\\/\\\/www.notredamealarose.be\\\/#website\"},\"primaryImageOfPage\":{\"@id\":\"https:\\\/\\\/www.notredamealarose.be\\\/?p=4487#primaryimage\"},\"image\":{\"@id\":\"https:\\\/\\\/www.notredamealarose.be\\\/?p=4487#primaryimage\"},\"thumbnailUrl\":\"\",\"datePublished\":\"2017-11-10T14:08:33+00:00\",\"breadcrumb\":{\"@id\":\"https:\\\/\\\/www.notredamealarose.be\\\/?p=4487#breadcrumb\"},\"inLanguage\":\"nl-NL\",\"potentialAction\":[{\"@type\":\"ReadAction\",\"target\":[\"https:\\\/\\\/www.notredamealarose.be\\\/?p=4487\"]}]},{\"@type\":\"ImageObject\",\"inLanguage\":\"nl-NL\",\"@id\":\"https:\\\/\\\/www.notredamealarose.be\\\/?p=4487#primaryimage\",\"url\":\"\",\"contentUrl\":\"\"},{\"@type\":\"BreadcrumbList\",\"@id\":\"https:\\\/\\\/www.notredamealarose.be\\\/?p=4487#breadcrumb\",\"itemListElement\":[{\"@type\":\"ListItem\",\"position\":1,\"name\":\"Accueil\",\"item\":\"https:\\\/\\\/www.notredamealarose.be\\\/nl\\\/\"},{\"@type\":\"ListItem\",\"position\":2,\"name\":\"Film &lsquo;Toevallig langs de Dender&rsquo;, donderdag 7\\\/12 om 20u\"}]},{\"@type\":\"WebSite\",\"@id\":\"https:\\\/\\\/www.notredamealarose.be\\\/#website\",\"url\":\"https:\\\/\\\/www.notredamealarose.be\\\/\",\"name\":\"H\u00f4pital Notre-Dame \u00e0 la Rose - Lessines\",\"description\":\"Un mus\u00e9e magique et hors du temps !\",\"publisher\":{\"@id\":\"https:\\\/\\\/www.notredamealarose.be\\\/#organization\"},\"potentialAction\":[{\"@type\":\"SearchAction\",\"target\":{\"@type\":\"EntryPoint\",\"urlTemplate\":\"https:\\\/\\\/www.notredamealarose.be\\\/?s={search_term_string}\"},\"query-input\":{\"@type\":\"PropertyValueSpecification\",\"valueRequired\":true,\"valueName\":\"search_term_string\"}}],\"inLanguage\":\"nl-NL\"},{\"@type\":\"Organization\",\"@id\":\"https:\\\/\\\/www.notredamealarose.be\\\/#organization\",\"name\":\"H\u00f4pital Notre-Dame \u00e0 la Rose - Lessines\",\"url\":\"https:\\\/\\\/www.notredamealarose.be\\\/\",\"logo\":{\"@type\":\"ImageObject\",\"inLanguage\":\"nl-NL\",\"@id\":\"https:\\\/\\\/www.notredamealarose.be\\\/#\\\/schema\\\/logo\\\/image\\\/\",\"url\":\"https:\\\/\\\/www.notredamealarose.be\\\/2022\\\/wp-content\\\/uploads\\\/2023\\\/12\\\/HNDR-logo-monochrome-neg.png\",\"contentUrl\":\"https:\\\/\\\/www.notredamealarose.be\\\/2022\\\/wp-content\\\/uploads\\\/2023\\\/12\\\/HNDR-logo-monochrome-neg.png\",\"width\":1998,\"height\":1239,\"caption\":\"H\u00f4pital Notre-Dame \u00e0 la Rose - Lessines\"},\"image\":{\"@id\":\"https:\\\/\\\/www.notredamealarose.be\\\/#\\\/schema\\\/logo\\\/image\\\/\"}},{\"@type\":\"Person\",\"@id\":\"https:\\\/\\\/www.notredamealarose.be\\\/#\\\/schema\\\/person\\\/3a0a461049a481d42e8ad6f61694678d\",\"name\":\"Mus\u00e9e\",\"image\":{\"@type\":\"ImageObject\",\"inLanguage\":\"nl-NL\",\"@id\":\"https:\\\/\\\/secure.gravatar.com\\\/avatar\\\/d59e3c407838667b10d1f1e213a4b001755f76ec2c46053968d78e5edb94fd0e?s=96&d=mm&r=g\",\"url\":\"https:\\\/\\\/secure.gravatar.com\\\/avatar\\\/d59e3c407838667b10d1f1e213a4b001755f76ec2c46053968d78e5edb94fd0e?s=96&d=mm&r=g\",\"contentUrl\":\"https:\\\/\\\/secure.gravatar.com\\\/avatar\\\/d59e3c407838667b10d1f1e213a4b001755f76ec2c46053968d78e5edb94fd0e?s=96&d=mm&r=g\",\"caption\":\"Mus\u00e9e\"},\"url\":\"https:\\\/\\\/www.notredamealarose.be\\\/nl\\\/author\\\/ndalr2\\\/\"}]}<\/script>\n<!-- \/ Yoast SEO plugin. -->","yoast_head_json":{"title":"Film 'Toevallig langs de Dender', donderdag 7\/12 om 20u - H\u00f4pital Notre-Dame \u00e0 la Rose - Lessines","robots":{"index":"index","follow":"follow","max-snippet":"max-snippet:-1","max-image-preview":"max-image-preview:large","max-video-preview":"max-video-preview:-1"},"canonical":"https:\/\/www.notredamealarose.be\/?p=4487","og_locale":"nl_NL","og_type":"article","og_title":"Film 'Toevallig langs de Dender', donderdag 7\/12 om 20u - H\u00f4pital Notre-Dame \u00e0 la Rose - Lessines","og_description":"Filmmaker Julien Vandevelde reisde de Dender af en maakte twee documentaires over het leven langs de rivier. Het eerste deel focust op Walloni\u00eb met o.a. de rituelen van de reuzen van de Ducasse en de processie van Goede Vrijdag. In het tweede deel maak je kennis met de Ronde van Vlaanderen, de Voil Jeanetten en [&hellip;]","og_url":"https:\/\/www.notredamealarose.be\/?p=4487","og_site_name":"H\u00f4pital Notre-Dame \u00e0 la Rose - Lessines","article_published_time":"2017-11-10T14:08:33+00:00","author":"Mus\u00e9e","twitter_card":"summary_large_image","schema":{"@context":"https:\/\/schema.org","@graph":[{"@type":"Article","@id":"https:\/\/www.notredamealarose.be\/?p=4487#article","isPartOf":{"@id":"https:\/\/www.notredamealarose.be\/?p=4487"},"author":{"name":"Mus\u00e9e","@id":"https:\/\/www.notredamealarose.be\/#\/schema\/person\/3a0a461049a481d42e8ad6f61694678d"},"headline":"Film &#8216;Toevallig langs de Dender&#8217;, donderdag 7\/12 om 20u","datePublished":"2017-11-10T14:08:33+00:00","mainEntityOfPage":{"@id":"https:\/\/www.notredamealarose.be\/?p=4487"},"wordCount":98,"publisher":{"@id":"https:\/\/www.notredamealarose.be\/#organization"},"image":{"@id":"https:\/\/www.notredamealarose.be\/?p=4487#primaryimage"},"thumbnailUrl":"","articleSection":["Actualit\u00e9s"],"inLanguage":"nl-NL"},{"@type":"WebPage","@id":"https:\/\/www.notredamealarose.be\/?p=4487","url":"https:\/\/www.notredamealarose.be\/?p=4487","name":"Film 'Toevallig langs de Dender', donderdag 7\/12 om 20u - H\u00f4pital Notre-Dame \u00e0 la Rose - Lessines","isPartOf":{"@id":"https:\/\/www.notredamealarose.be\/#website"},"primaryImageOfPage":{"@id":"https:\/\/www.notredamealarose.be\/?p=4487#primaryimage"},"image":{"@id":"https:\/\/www.notredamealarose.be\/?p=4487#primaryimage"},"thumbnailUrl":"","datePublished":"2017-11-10T14:08:33+00:00","breadcrumb":{"@id":"https:\/\/www.notredamealarose.be\/?p=4487#breadcrumb"},"inLanguage":"nl-NL","potentialAction":[{"@type":"ReadAction","target":["https:\/\/www.notredamealarose.be\/?p=4487"]}]},{"@type":"ImageObject","inLanguage":"nl-NL","@id":"https:\/\/www.notredamealarose.be\/?p=4487#primaryimage","url":"","contentUrl":""},{"@type":"BreadcrumbList","@id":"https:\/\/www.notredamealarose.be\/?p=4487#breadcrumb","itemListElement":[{"@type":"ListItem","position":1,"name":"Accueil","item":"https:\/\/www.notredamealarose.be\/nl\/"},{"@type":"ListItem","position":2,"name":"Film &lsquo;Toevallig langs de Dender&rsquo;, donderdag 7\/12 om 20u"}]},{"@type":"WebSite","@id":"https:\/\/www.notredamealarose.be\/#website","url":"https:\/\/www.notredamealarose.be\/","name":"H\u00f4pital Notre-Dame \u00e0 la Rose - Lessines","description":"Un mus\u00e9e magique et hors du temps !","publisher":{"@id":"https:\/\/www.notredamealarose.be\/#organization"},"potentialAction":[{"@type":"SearchAction","target":{"@type":"EntryPoint","urlTemplate":"https:\/\/www.notredamealarose.be\/?s={search_term_string}"},"query-input":{"@type":"PropertyValueSpecification","valueRequired":true,"valueName":"search_term_string"}}],"inLanguage":"nl-NL"},{"@type":"Organization","@id":"https:\/\/www.notredamealarose.be\/#organization","name":"H\u00f4pital Notre-Dame \u00e0 la Rose - Lessines","url":"https:\/\/www.notredamealarose.be\/","logo":{"@type":"ImageObject","inLanguage":"nl-NL","@id":"https:\/\/www.notredamealarose.be\/#\/schema\/logo\/image\/","url":"https:\/\/www.notredamealarose.be\/2022\/wp-content\/uploads\/2023\/12\/HNDR-logo-monochrome-neg.png","contentUrl":"https:\/\/www.notredamealarose.be\/2022\/wp-content\/uploads\/2023\/12\/HNDR-logo-monochrome-neg.png","width":1998,"height":1239,"caption":"H\u00f4pital Notre-Dame \u00e0 la Rose - Lessines"},"image":{"@id":"https:\/\/www.notredamealarose.be\/#\/schema\/logo\/image\/"}},{"@type":"Person","@id":"https:\/\/www.notredamealarose.be\/#\/schema\/person\/3a0a461049a481d42e8ad6f61694678d","name":"Mus\u00e9e","image":{"@type":"ImageObject","inLanguage":"nl-NL","@id":"https:\/\/secure.gravatar.com\/avatar\/d59e3c407838667b10d1f1e213a4b001755f76ec2c46053968d78e5edb94fd0e?s=96&d=mm&r=g","url":"https:\/\/secure.gravatar.com\/avatar\/d59e3c407838667b10d1f1e213a4b001755f76ec2c46053968d78e5edb94fd0e?s=96&d=mm&r=g","contentUrl":"https:\/\/secure.gravatar.com\/avatar\/d59e3c407838667b10d1f1e213a4b001755f76ec2c46053968d78e5edb94fd0e?s=96&d=mm&r=g","caption":"Mus\u00e9e"},"url":"https:\/\/www.notredamealarose.be\/nl\/author\/ndalr2\/"}]}},"jetpack_featured_media_url":"","jetpack_sharing_enabled":true,"_links":{"self":[{"href":"https:\/\/www.notredamealarose.be\/nl\/wp-json\/wp\/v2\/posts\/4493","targetHints":{"allow":["GET"]}}],"collection":[{"href":"https:\/\/www.notredamealarose.be\/nl\/wp-json\/wp\/v2\/posts"}],"about":[{"href":"https:\/\/www.notredamealarose.be\/nl\/wp-json\/wp\/v2\/types\/post"}],"author":[{"embeddable":true,"href":"https:\/\/www.notredamealarose.be\/nl\/wp-json\/wp\/v2\/users\/2"}],"replies":[{"embeddable":true,"href":"https:\/\/www.notredamealarose.be\/nl\/wp-json\/wp\/v2\/comments?post=4493"}],"version-history":[{"count":0,"href":"https:\/\/www.notredamealarose.be\/nl\/wp-json\/wp\/v2\/posts\/4493\/revisions"}],"wp:featuredmedia":[{"embeddable":true,"href":"https:\/\/www.notredamealarose.be\/nl\/wp-json\/"}],"wp:attachment":[{"href":"https:\/\/www.notredamealarose.be\/nl\/wp-json\/wp\/v2\/media?parent=4493"}],"wp:term":[{"taxonomy":"category","embeddable":true,"href":"https:\/\/www.notredamealarose.be\/nl\/wp-json\/wp\/v2\/categories?post=4493"},{"taxonomy":"post_tag","embeddable":true,"href":"https:\/\/www.notredamealarose.be\/nl\/wp-json\/wp\/v2\/tags?post=4493"}],"curies":[{"name":"wp","href":"https:\/\/api.w.org\/{rel}","templated":true}]}}