{"id":5142,"date":"2018-06-08T17:10:02","date_gmt":"2018-06-08T15:10:02","guid":{"rendered":"https:\/\/www.notredamealarose.be\/?p=5142"},"modified":"2018-06-08T17:10:02","modified_gmt":"2018-06-08T15:10:02","slug":"5142","status":"publish","type":"post","link":"https:\/\/www.notredamealarose.be\/nl\/5142\/","title":{"rendered":"Expo Middeleeuwen, jeugd van Europa"},"content":{"rendered":"<p id=\"tw-target-text\" class=\"tw-data-text tw-ta tw-text-small\" dir=\"ltr\" data-placeholder=\"Traduction\"><span lang=\"nl\"><img loading=\"lazy\" decoding=\"async\" class=\"size-medium wp-image-5140 alignleft\" src=\"https:\/\/www.notredamealarose.be\/2013\/wp-content\/uploads\/2018\/06\/20150223113527709-300x300.jpg\" alt=\"\" width=\"300\" height=\"300\" \/>Werd Europa in de Middeleeuwen geboren? In elk geval is het aan het einde van de Middeleeuwen, in de 12e en 13e eeuw, dat de grote commerci\u00eble assen en de toekomstige grenzen van de monarchale koninkrijken en de moderne staten werden opgericht.<br \/>\n<\/span><\/p>\n<p id=\"tw-target-text\" class=\"tw-data-text tw-ta tw-text-small\" dir=\"ltr\" data-placeholder=\"Traduction\"><span lang=\"nl\">Als we het idee van een &#8220;Middeleeuwen, Jeugd van Europa&#8221; accepteren, lijken de volgende eeuwen op een ernstige puberteitscrisis te midden van onophoudelijke conflicten in de Toren van Babel van verschillende culturen. De gruwel van de twee wereldoorlogen zal ertoe aanzetten om eindelijk een verenigd Europa te cre\u00ebren waarin we in vrede kunnen leven. Maar weten we zeker dat we volwassen zijn geworden? Na de Brexit maakt Europa zich zorgen en vraagt \u200b\u200bzich af wat de toekomst ervan zal zijn. Nationalistische en regionalistische nostalgie is terug.<\/span><\/p>\n<p>Teksten en foto&#8217;s van Charles Henneghien<\/p>\n<p>De catalogus van de tentoonstelling is beschikbaar in de shop<\/p>\n<p><strong>Van 23 juni tot 30 november 2018<\/strong><\/p>\n","protected":false},"excerpt":{"rendered":"<p>Werd Europa in de Middeleeuwen geboren? In elk geval is het aan het einde van de Middeleeuwen, in de 12e en 13e eeuw, dat de grote commerci\u00eble assen en de toekomstige grenzen van de monarchale koninkrijken en de moderne staten werden opgericht. Als we het idee van een &#8220;Middeleeuwen, Jeugd van Europa&#8221; accepteren, lijken de [&hellip;]<\/p>\n","protected":false},"author":2,"featured_media":5140,"comment_status":"closed","ping_status":"open","sticky":false,"template":"","format":"standard","meta":{"site-sidebar-layout":"default","site-content-layout":"","ast-site-content-layout":"","site-content-style":"default","site-sidebar-style":"default","ast-global-header-display":"","ast-banner-title-visibility":"","ast-main-header-display":"","ast-hfb-above-header-display":"","ast-hfb-below-header-display":"","ast-hfb-mobile-header-display":"","site-post-title":"","ast-breadcrumbs-content":"","ast-featured-img":"","footer-sml-layout":"","theme-transparent-header-meta":"","adv-header-id-meta":"","stick-header-meta":"","header-above-stick-meta":"","header-main-stick-meta":"","header-below-stick-meta":"","astra-migrate-meta-layouts":"default","ast-page-background-enabled":"default","ast-page-background-meta":{"desktop":{"background-color":"var(--ast-global-color-4)","background-image":"","background-repeat":"repeat","background-position":"center center","background-size":"auto","background-attachment":"scroll","background-type":"","background-media":"","overlay-type":"","overlay-color":"","overlay-gradient":""},"tablet":{"background-color":"","background-image":"","background-repeat":"repeat","background-position":"center center","background-size":"auto","background-attachment":"scroll","background-type":"","background-media":"","overlay-type":"","overlay-color":"","overlay-gradient":""},"mobile":{"background-color":"","background-image":"","background-repeat":"repeat","background-position":"center center","background-size":"auto","background-attachment":"scroll","background-type":"","background-media":"","overlay-type":"","overlay-color":"","overlay-gradient":""}},"ast-content-background-meta":{"desktop":{"background-color":"var(--ast-global-color-5)","background-image":"","background-repeat":"repeat","background-position":"center center","background-size":"auto","background-attachment":"scroll","background-type":"","background-media":"","overlay-type":"","overlay-color":"","overlay-gradient":""},"tablet":{"background-color":"var(--ast-global-color-5)","background-image":"","background-repeat":"repeat","background-position":"center center","background-size":"auto","background-attachment":"scroll","background-type":"","background-media":"","overlay-type":"","overlay-color":"","overlay-gradient":""},"mobile":{"background-color":"var(--ast-global-color-5)","background-image":"","background-repeat":"repeat","background-position":"center center","background-size":"auto","background-attachment":"scroll","background-type":"","background-media":"","overlay-type":"","overlay-color":"","overlay-gradient":""}},"_price":"","_stock":"","_tribe_ticket_header":"","_tribe_default_ticket_provider":"","_tribe_ticket_capacity":"0","_ticket_start_date":"","_ticket_end_date":"","_tribe_ticket_show_description":"","_tribe_ticket_show_not_going":false,"_tribe_ticket_use_global_stock":"","_tribe_ticket_global_stock_level":"","_global_stock_mode":"","_global_stock_cap":"","_tribe_rsvp_for_event":"","_tribe_ticket_going_count":"","_tribe_ticket_not_going_count":"","_tribe_tickets_list":"[]","_tribe_ticket_has_attendee_info_fields":false,"_jetpack_memberships_contains_paid_content":false,"footnotes":""},"categories":[3,18],"tags":[],"class_list":["post-5142","post","type-post","status-publish","format-standard","has-post-thumbnail","hentry","category-actualites","category-expositions"],"yoast_head":"<!-- This site is optimized with the Yoast SEO plugin v27.4 - https:\/\/yoast.com\/product\/yoast-seo-wordpress\/ -->\n<title>Expo Middeleeuwen, jeugd van Europa - H\u00f4pital Notre-Dame \u00e0 la Rose - Lessines<\/title>\n<meta name=\"robots\" content=\"index, follow, max-snippet:-1, max-image-preview:large, max-video-preview:-1\" \/>\n<link rel=\"canonical\" href=\"https:\/\/www.notredamealarose.be\/nl\/5142\/\" \/>\n<meta property=\"og:locale\" content=\"nl_NL\" \/>\n<meta property=\"og:type\" content=\"article\" \/>\n<meta property=\"og:title\" content=\"Expo Middeleeuwen, jeugd van Europa - H\u00f4pital Notre-Dame \u00e0 la Rose - Lessines\" \/>\n<meta property=\"og:description\" content=\"Werd Europa in de Middeleeuwen geboren? In elk geval is het aan het einde van de Middeleeuwen, in de 12e en 13e eeuw, dat de grote commerci\u00eble assen en de toekomstige grenzen van de monarchale koninkrijken en de moderne staten werden opgericht. Als we het idee van een &#8220;Middeleeuwen, Jeugd van Europa&#8221; accepteren, lijken de [&hellip;]\" \/>\n<meta property=\"og:url\" content=\"https:\/\/www.notredamealarose.be\/nl\/5142\/\" \/>\n<meta property=\"og:site_name\" content=\"H\u00f4pital Notre-Dame \u00e0 la Rose - Lessines\" \/>\n<meta property=\"article:published_time\" content=\"2018-06-08T15:10:02+00:00\" \/>\n<meta name=\"author\" content=\"Mus\u00e9e\" \/>\n<meta name=\"twitter:card\" content=\"summary_large_image\" \/>\n<script type=\"application\/ld+json\" class=\"yoast-schema-graph\">{\"@context\":\"https:\\\/\\\/schema.org\",\"@graph\":[{\"@type\":\"Article\",\"@id\":\"https:\\\/\\\/www.notredamealarose.be\\\/nl\\\/5142\\\/#article\",\"isPartOf\":{\"@id\":\"https:\\\/\\\/www.notredamealarose.be\\\/nl\\\/5142\\\/\"},\"author\":{\"name\":\"Mus\u00e9e\",\"@id\":\"https:\\\/\\\/www.notredamealarose.be\\\/#\\\/schema\\\/person\\\/3a0a461049a481d42e8ad6f61694678d\"},\"headline\":\"Expo Middeleeuwen, jeugd van Europa\",\"datePublished\":\"2018-06-08T15:10:02+00:00\",\"mainEntityOfPage\":{\"@id\":\"https:\\\/\\\/www.notredamealarose.be\\\/nl\\\/5142\\\/\"},\"wordCount\":155,\"publisher\":{\"@id\":\"https:\\\/\\\/www.notredamealarose.be\\\/#organization\"},\"image\":{\"@id\":\"https:\\\/\\\/www.notredamealarose.be\\\/nl\\\/5142\\\/#primaryimage\"},\"thumbnailUrl\":\"\",\"articleSection\":[\"Actualit\u00e9s\",\"Expositions\"],\"inLanguage\":\"nl-NL\"},{\"@type\":\"WebPage\",\"@id\":\"https:\\\/\\\/www.notredamealarose.be\\\/nl\\\/5142\\\/\",\"url\":\"https:\\\/\\\/www.notredamealarose.be\\\/nl\\\/5142\\\/\",\"name\":\"Expo Middeleeuwen, jeugd van Europa - H\u00f4pital Notre-Dame \u00e0 la Rose - Lessines\",\"isPartOf\":{\"@id\":\"https:\\\/\\\/www.notredamealarose.be\\\/#website\"},\"primaryImageOfPage\":{\"@id\":\"https:\\\/\\\/www.notredamealarose.be\\\/nl\\\/5142\\\/#primaryimage\"},\"image\":{\"@id\":\"https:\\\/\\\/www.notredamealarose.be\\\/nl\\\/5142\\\/#primaryimage\"},\"thumbnailUrl\":\"\",\"datePublished\":\"2018-06-08T15:10:02+00:00\",\"breadcrumb\":{\"@id\":\"https:\\\/\\\/www.notredamealarose.be\\\/nl\\\/5142\\\/#breadcrumb\"},\"inLanguage\":\"nl-NL\",\"potentialAction\":[{\"@type\":\"ReadAction\",\"target\":[\"https:\\\/\\\/www.notredamealarose.be\\\/nl\\\/5142\\\/\"]}]},{\"@type\":\"ImageObject\",\"inLanguage\":\"nl-NL\",\"@id\":\"https:\\\/\\\/www.notredamealarose.be\\\/nl\\\/5142\\\/#primaryimage\",\"url\":\"\",\"contentUrl\":\"\"},{\"@type\":\"BreadcrumbList\",\"@id\":\"https:\\\/\\\/www.notredamealarose.be\\\/nl\\\/5142\\\/#breadcrumb\",\"itemListElement\":[{\"@type\":\"ListItem\",\"position\":1,\"name\":\"Accueil\",\"item\":\"https:\\\/\\\/www.notredamealarose.be\\\/nl\\\/\"},{\"@type\":\"ListItem\",\"position\":2,\"name\":\"Expo Middeleeuwen, jeugd van Europa\"}]},{\"@type\":\"WebSite\",\"@id\":\"https:\\\/\\\/www.notredamealarose.be\\\/#website\",\"url\":\"https:\\\/\\\/www.notredamealarose.be\\\/\",\"name\":\"H\u00f4pital Notre-Dame \u00e0 la Rose - Lessines\",\"description\":\"Un mus\u00e9e magique et hors du temps !\",\"publisher\":{\"@id\":\"https:\\\/\\\/www.notredamealarose.be\\\/#organization\"},\"potentialAction\":[{\"@type\":\"SearchAction\",\"target\":{\"@type\":\"EntryPoint\",\"urlTemplate\":\"https:\\\/\\\/www.notredamealarose.be\\\/?s={search_term_string}\"},\"query-input\":{\"@type\":\"PropertyValueSpecification\",\"valueRequired\":true,\"valueName\":\"search_term_string\"}}],\"inLanguage\":\"nl-NL\"},{\"@type\":\"Organization\",\"@id\":\"https:\\\/\\\/www.notredamealarose.be\\\/#organization\",\"name\":\"H\u00f4pital Notre-Dame \u00e0 la Rose - Lessines\",\"url\":\"https:\\\/\\\/www.notredamealarose.be\\\/\",\"logo\":{\"@type\":\"ImageObject\",\"inLanguage\":\"nl-NL\",\"@id\":\"https:\\\/\\\/www.notredamealarose.be\\\/#\\\/schema\\\/logo\\\/image\\\/\",\"url\":\"https:\\\/\\\/www.notredamealarose.be\\\/2022\\\/wp-content\\\/uploads\\\/2023\\\/12\\\/HNDR-logo-monochrome-neg.png\",\"contentUrl\":\"https:\\\/\\\/www.notredamealarose.be\\\/2022\\\/wp-content\\\/uploads\\\/2023\\\/12\\\/HNDR-logo-monochrome-neg.png\",\"width\":1998,\"height\":1239,\"caption\":\"H\u00f4pital Notre-Dame \u00e0 la Rose - Lessines\"},\"image\":{\"@id\":\"https:\\\/\\\/www.notredamealarose.be\\\/#\\\/schema\\\/logo\\\/image\\\/\"}},{\"@type\":\"Person\",\"@id\":\"https:\\\/\\\/www.notredamealarose.be\\\/#\\\/schema\\\/person\\\/3a0a461049a481d42e8ad6f61694678d\",\"name\":\"Mus\u00e9e\",\"image\":{\"@type\":\"ImageObject\",\"inLanguage\":\"nl-NL\",\"@id\":\"https:\\\/\\\/secure.gravatar.com\\\/avatar\\\/d59e3c407838667b10d1f1e213a4b001755f76ec2c46053968d78e5edb94fd0e?s=96&d=mm&r=g\",\"url\":\"https:\\\/\\\/secure.gravatar.com\\\/avatar\\\/d59e3c407838667b10d1f1e213a4b001755f76ec2c46053968d78e5edb94fd0e?s=96&d=mm&r=g\",\"contentUrl\":\"https:\\\/\\\/secure.gravatar.com\\\/avatar\\\/d59e3c407838667b10d1f1e213a4b001755f76ec2c46053968d78e5edb94fd0e?s=96&d=mm&r=g\",\"caption\":\"Mus\u00e9e\"},\"url\":\"https:\\\/\\\/www.notredamealarose.be\\\/nl\\\/author\\\/ndalr2\\\/\"}]}<\/script>\n<!-- \/ Yoast SEO plugin. -->","yoast_head_json":{"title":"Expo Middeleeuwen, jeugd van Europa - H\u00f4pital Notre-Dame \u00e0 la Rose - Lessines","robots":{"index":"index","follow":"follow","max-snippet":"max-snippet:-1","max-image-preview":"max-image-preview:large","max-video-preview":"max-video-preview:-1"},"canonical":"https:\/\/www.notredamealarose.be\/nl\/5142\/","og_locale":"nl_NL","og_type":"article","og_title":"Expo Middeleeuwen, jeugd van Europa - H\u00f4pital Notre-Dame \u00e0 la Rose - Lessines","og_description":"Werd Europa in de Middeleeuwen geboren? In elk geval is het aan het einde van de Middeleeuwen, in de 12e en 13e eeuw, dat de grote commerci\u00eble assen en de toekomstige grenzen van de monarchale koninkrijken en de moderne staten werden opgericht. Als we het idee van een &#8220;Middeleeuwen, Jeugd van Europa&#8221; accepteren, lijken de [&hellip;]","og_url":"https:\/\/www.notredamealarose.be\/nl\/5142\/","og_site_name":"H\u00f4pital Notre-Dame \u00e0 la Rose - Lessines","article_published_time":"2018-06-08T15:10:02+00:00","author":"Mus\u00e9e","twitter_card":"summary_large_image","schema":{"@context":"https:\/\/schema.org","@graph":[{"@type":"Article","@id":"https:\/\/www.notredamealarose.be\/nl\/5142\/#article","isPartOf":{"@id":"https:\/\/www.notredamealarose.be\/nl\/5142\/"},"author":{"name":"Mus\u00e9e","@id":"https:\/\/www.notredamealarose.be\/#\/schema\/person\/3a0a461049a481d42e8ad6f61694678d"},"headline":"Expo Middeleeuwen, jeugd van Europa","datePublished":"2018-06-08T15:10:02+00:00","mainEntityOfPage":{"@id":"https:\/\/www.notredamealarose.be\/nl\/5142\/"},"wordCount":155,"publisher":{"@id":"https:\/\/www.notredamealarose.be\/#organization"},"image":{"@id":"https:\/\/www.notredamealarose.be\/nl\/5142\/#primaryimage"},"thumbnailUrl":"","articleSection":["Actualit\u00e9s","Expositions"],"inLanguage":"nl-NL"},{"@type":"WebPage","@id":"https:\/\/www.notredamealarose.be\/nl\/5142\/","url":"https:\/\/www.notredamealarose.be\/nl\/5142\/","name":"Expo Middeleeuwen, jeugd van Europa - H\u00f4pital Notre-Dame \u00e0 la Rose - Lessines","isPartOf":{"@id":"https:\/\/www.notredamealarose.be\/#website"},"primaryImageOfPage":{"@id":"https:\/\/www.notredamealarose.be\/nl\/5142\/#primaryimage"},"image":{"@id":"https:\/\/www.notredamealarose.be\/nl\/5142\/#primaryimage"},"thumbnailUrl":"","datePublished":"2018-06-08T15:10:02+00:00","breadcrumb":{"@id":"https:\/\/www.notredamealarose.be\/nl\/5142\/#breadcrumb"},"inLanguage":"nl-NL","potentialAction":[{"@type":"ReadAction","target":["https:\/\/www.notredamealarose.be\/nl\/5142\/"]}]},{"@type":"ImageObject","inLanguage":"nl-NL","@id":"https:\/\/www.notredamealarose.be\/nl\/5142\/#primaryimage","url":"","contentUrl":""},{"@type":"BreadcrumbList","@id":"https:\/\/www.notredamealarose.be\/nl\/5142\/#breadcrumb","itemListElement":[{"@type":"ListItem","position":1,"name":"Accueil","item":"https:\/\/www.notredamealarose.be\/nl\/"},{"@type":"ListItem","position":2,"name":"Expo Middeleeuwen, jeugd van Europa"}]},{"@type":"WebSite","@id":"https:\/\/www.notredamealarose.be\/#website","url":"https:\/\/www.notredamealarose.be\/","name":"H\u00f4pital Notre-Dame \u00e0 la Rose - Lessines","description":"Un mus\u00e9e magique et hors du temps !","publisher":{"@id":"https:\/\/www.notredamealarose.be\/#organization"},"potentialAction":[{"@type":"SearchAction","target":{"@type":"EntryPoint","urlTemplate":"https:\/\/www.notredamealarose.be\/?s={search_term_string}"},"query-input":{"@type":"PropertyValueSpecification","valueRequired":true,"valueName":"search_term_string"}}],"inLanguage":"nl-NL"},{"@type":"Organization","@id":"https:\/\/www.notredamealarose.be\/#organization","name":"H\u00f4pital Notre-Dame \u00e0 la Rose - Lessines","url":"https:\/\/www.notredamealarose.be\/","logo":{"@type":"ImageObject","inLanguage":"nl-NL","@id":"https:\/\/www.notredamealarose.be\/#\/schema\/logo\/image\/","url":"https:\/\/www.notredamealarose.be\/2022\/wp-content\/uploads\/2023\/12\/HNDR-logo-monochrome-neg.png","contentUrl":"https:\/\/www.notredamealarose.be\/2022\/wp-content\/uploads\/2023\/12\/HNDR-logo-monochrome-neg.png","width":1998,"height":1239,"caption":"H\u00f4pital Notre-Dame \u00e0 la Rose - Lessines"},"image":{"@id":"https:\/\/www.notredamealarose.be\/#\/schema\/logo\/image\/"}},{"@type":"Person","@id":"https:\/\/www.notredamealarose.be\/#\/schema\/person\/3a0a461049a481d42e8ad6f61694678d","name":"Mus\u00e9e","image":{"@type":"ImageObject","inLanguage":"nl-NL","@id":"https:\/\/secure.gravatar.com\/avatar\/d59e3c407838667b10d1f1e213a4b001755f76ec2c46053968d78e5edb94fd0e?s=96&d=mm&r=g","url":"https:\/\/secure.gravatar.com\/avatar\/d59e3c407838667b10d1f1e213a4b001755f76ec2c46053968d78e5edb94fd0e?s=96&d=mm&r=g","contentUrl":"https:\/\/secure.gravatar.com\/avatar\/d59e3c407838667b10d1f1e213a4b001755f76ec2c46053968d78e5edb94fd0e?s=96&d=mm&r=g","caption":"Mus\u00e9e"},"url":"https:\/\/www.notredamealarose.be\/nl\/author\/ndalr2\/"}]}},"jetpack_featured_media_url":"","jetpack_sharing_enabled":true,"_links":{"self":[{"href":"https:\/\/www.notredamealarose.be\/nl\/wp-json\/wp\/v2\/posts\/5142","targetHints":{"allow":["GET"]}}],"collection":[{"href":"https:\/\/www.notredamealarose.be\/nl\/wp-json\/wp\/v2\/posts"}],"about":[{"href":"https:\/\/www.notredamealarose.be\/nl\/wp-json\/wp\/v2\/types\/post"}],"author":[{"embeddable":true,"href":"https:\/\/www.notredamealarose.be\/nl\/wp-json\/wp\/v2\/users\/2"}],"replies":[{"embeddable":true,"href":"https:\/\/www.notredamealarose.be\/nl\/wp-json\/wp\/v2\/comments?post=5142"}],"version-history":[{"count":0,"href":"https:\/\/www.notredamealarose.be\/nl\/wp-json\/wp\/v2\/posts\/5142\/revisions"}],"wp:featuredmedia":[{"embeddable":true,"href":"https:\/\/www.notredamealarose.be\/nl\/wp-json\/"}],"wp:attachment":[{"href":"https:\/\/www.notredamealarose.be\/nl\/wp-json\/wp\/v2\/media?parent=5142"}],"wp:term":[{"taxonomy":"category","embeddable":true,"href":"https:\/\/www.notredamealarose.be\/nl\/wp-json\/wp\/v2\/categories?post=5142"},{"taxonomy":"post_tag","embeddable":true,"href":"https:\/\/www.notredamealarose.be\/nl\/wp-json\/wp\/v2\/tags?post=5142"}],"curies":[{"name":"wp","href":"https:\/\/api.w.org\/{rel}","templated":true}]}}