{"id":6606,"date":"2019-05-28T11:15:53","date_gmt":"2019-05-28T09:15:53","guid":{"rendered":"https:\/\/www.notredamealarose.be\/?p=6606"},"modified":"2019-05-28T11:15:53","modified_gmt":"2019-05-28T09:15:53","slug":"la-cetra-dorfeo-op-zondag-9-juni-om-16u","status":"publish","type":"post","link":"https:\/\/www.notredamealarose.be\/nl\/la-cetra-dorfeo-op-zondag-9-juni-om-16u\/","title":{"rendered":"La Cetra d\u2019Orfeo op zondag 13\/10, om 16u"},"content":{"rendered":"<p><em><strong><img loading=\"lazy\" decoding=\"async\" class=\"alignnone size-medium wp-image-6549\" src=\"https:\/\/www.notredamealarose.be\/2013\/wp-content\/uploads\/2019\/05\/Cetra-d\u2019Orfeo-300x202.jpg\" alt=\"\" width=\"300\" height=\"202\" \/>La Cetra d\u2019Orfeo <\/strong>presenteert \u2018<strong>Vanitas, van illusie tot redding<\/strong>\u2019 een origineel wandel-concert in de zalen van het Hospitaal Notre-Dame \u00e0 la Rose.<\/em><\/p>\n<p><em>La Cetra d\u2019Orfeo (viola da gamba, klavecimbel, blokfluit) en de soprano Anne H\u00e9l\u00e8ne Moens nodigen u uit om muziek uit de XVIIe eeuw te ontdekken.\u00a0 Het thema draait rond <strong>vanitas en redemptie<\/strong>. Een unieke gelegenheid om de muziek uit die tijd met de barok in het museum te laten dialogeren.<br \/>\n<\/em><\/p>\n<p><em>Geniet van deze uitzonderlijke concerten op zondag\u00a0 9 juni, 8 september en 13 oktober,\u00a0 om 16u00<\/em><\/p>\n<p><em>\u00a0<\/em><em>Inbegrepen in de inkomsprijs van het museum. Uw ticket verleent u toegang tot de concerten.<br \/>\n<\/em><\/p>\n","protected":false},"excerpt":{"rendered":"<p>La Cetra d\u2019Orfeo presenteert \u2018Vanitas, van illusie tot redding\u2019 een origineel wandel-concert in de zalen van het Hospitaal Notre-Dame \u00e0 la Rose. La Cetra d\u2019Orfeo (viola da gamba, klavecimbel, blokfluit) en de soprano Anne H\u00e9l\u00e8ne Moens nodigen u uit om muziek uit de XVIIe eeuw te ontdekken.\u00a0 Het thema draait rond vanitas en redemptie. Een [&hellip;]<\/p>\n","protected":false},"author":2,"featured_media":6549,"comment_status":"closed","ping_status":"open","sticky":false,"template":"","format":"standard","meta":{"site-sidebar-layout":"default","site-content-layout":"","ast-site-content-layout":"","site-content-style":"default","site-sidebar-style":"default","ast-global-header-display":"","ast-banner-title-visibility":"","ast-main-header-display":"","ast-hfb-above-header-display":"","ast-hfb-below-header-display":"","ast-hfb-mobile-header-display":"","site-post-title":"","ast-breadcrumbs-content":"","ast-featured-img":"","footer-sml-layout":"","theme-transparent-header-meta":"","adv-header-id-meta":"","stick-header-meta":"","header-above-stick-meta":"","header-main-stick-meta":"","header-below-stick-meta":"","astra-migrate-meta-layouts":"default","ast-page-background-enabled":"default","ast-page-background-meta":{"desktop":{"background-color":"var(--ast-global-color-4)","background-image":"","background-repeat":"repeat","background-position":"center center","background-size":"auto","background-attachment":"scroll","background-type":"","background-media":"","overlay-type":"","overlay-color":"","overlay-gradient":""},"tablet":{"background-color":"","background-image":"","background-repeat":"repeat","background-position":"center center","background-size":"auto","background-attachment":"scroll","background-type":"","background-media":"","overlay-type":"","overlay-color":"","overlay-gradient":""},"mobile":{"background-color":"","background-image":"","background-repeat":"repeat","background-position":"center center","background-size":"auto","background-attachment":"scroll","background-type":"","background-media":"","overlay-type":"","overlay-color":"","overlay-gradient":""}},"ast-content-background-meta":{"desktop":{"background-color":"var(--ast-global-color-5)","background-image":"","background-repeat":"repeat","background-position":"center center","background-size":"auto","background-attachment":"scroll","background-type":"","background-media":"","overlay-type":"","overlay-color":"","overlay-gradient":""},"tablet":{"background-color":"var(--ast-global-color-5)","background-image":"","background-repeat":"repeat","background-position":"center center","background-size":"auto","background-attachment":"scroll","background-type":"","background-media":"","overlay-type":"","overlay-color":"","overlay-gradient":""},"mobile":{"background-color":"var(--ast-global-color-5)","background-image":"","background-repeat":"repeat","background-position":"center center","background-size":"auto","background-attachment":"scroll","background-type":"","background-media":"","overlay-type":"","overlay-color":"","overlay-gradient":""}},"_price":"","_stock":"","_tribe_ticket_header":"","_tribe_default_ticket_provider":"","_tribe_ticket_capacity":"0","_ticket_start_date":"","_ticket_end_date":"","_tribe_ticket_show_description":"","_tribe_ticket_show_not_going":false,"_tribe_ticket_use_global_stock":"","_tribe_ticket_global_stock_level":"","_global_stock_mode":"","_global_stock_cap":"","_tribe_rsvp_for_event":"","_tribe_ticket_going_count":"","_tribe_ticket_not_going_count":"","_tribe_tickets_list":"[]","_tribe_ticket_has_attendee_info_fields":false,"_jetpack_memberships_contains_paid_content":false,"footnotes":""},"categories":[8,28],"tags":[],"class_list":["post-6606","post","type-post","status-publish","format-standard","has-post-thumbnail","hentry","category-animations","category-concert"],"yoast_head":"<!-- This site is optimized with the Yoast SEO plugin v27.4 - https:\/\/yoast.com\/product\/yoast-seo-wordpress\/ -->\n<title>La Cetra d\u2019Orfeo op zondag 13\/10, om 16u - H\u00f4pital Notre-Dame \u00e0 la Rose - Lessines<\/title>\n<meta name=\"robots\" content=\"index, follow, max-snippet:-1, max-image-preview:large, max-video-preview:-1\" \/>\n<link rel=\"canonical\" href=\"https:\/\/www.notredamealarose.be\/concert-la-cetra-dorfeo-le-vendredi-9-octobre-en-soiree\/\" \/>\n<meta property=\"og:locale\" content=\"nl_NL\" \/>\n<meta property=\"og:type\" content=\"article\" \/>\n<meta property=\"og:title\" content=\"La Cetra d\u2019Orfeo op zondag 13\/10, om 16u - H\u00f4pital Notre-Dame \u00e0 la Rose - Lessines\" \/>\n<meta property=\"og:description\" content=\"La Cetra d\u2019Orfeo presenteert \u2018Vanitas, van illusie tot redding\u2019 een origineel wandel-concert in de zalen van het Hospitaal Notre-Dame \u00e0 la Rose. La Cetra d\u2019Orfeo (viola da gamba, klavecimbel, blokfluit) en de soprano Anne H\u00e9l\u00e8ne Moens nodigen u uit om muziek uit de XVIIe eeuw te ontdekken.\u00a0 Het thema draait rond vanitas en redemptie. Een [&hellip;]\" \/>\n<meta property=\"og:url\" content=\"https:\/\/www.notredamealarose.be\/concert-la-cetra-dorfeo-le-vendredi-9-octobre-en-soiree\/\" \/>\n<meta property=\"og:site_name\" content=\"H\u00f4pital Notre-Dame \u00e0 la Rose - Lessines\" \/>\n<meta property=\"article:published_time\" content=\"2019-05-28T09:15:53+00:00\" \/>\n<meta name=\"author\" content=\"Mus\u00e9e\" \/>\n<meta name=\"twitter:card\" content=\"summary_large_image\" \/>\n<script type=\"application\/ld+json\" class=\"yoast-schema-graph\">{\"@context\":\"https:\\\/\\\/schema.org\",\"@graph\":[{\"@type\":\"Article\",\"@id\":\"https:\\\/\\\/www.notredamealarose.be\\\/concert-la-cetra-dorfeo-le-vendredi-9-octobre-en-soiree\\\/#article\",\"isPartOf\":{\"@id\":\"https:\\\/\\\/www.notredamealarose.be\\\/concert-la-cetra-dorfeo-le-vendredi-9-octobre-en-soiree\\\/\"},\"author\":{\"name\":\"Mus\u00e9e\",\"@id\":\"https:\\\/\\\/www.notredamealarose.be\\\/#\\\/schema\\\/person\\\/3a0a461049a481d42e8ad6f61694678d\"},\"headline\":\"La Cetra d\u2019Orfeo op zondag 13\\\/10, om 16u\",\"datePublished\":\"2019-05-28T09:15:53+00:00\",\"mainEntityOfPage\":{\"@id\":\"https:\\\/\\\/www.notredamealarose.be\\\/concert-la-cetra-dorfeo-le-vendredi-9-octobre-en-soiree\\\/\"},\"wordCount\":111,\"publisher\":{\"@id\":\"https:\\\/\\\/www.notredamealarose.be\\\/#organization\"},\"image\":{\"@id\":\"https:\\\/\\\/www.notredamealarose.be\\\/concert-la-cetra-dorfeo-le-vendredi-9-octobre-en-soiree\\\/#primaryimage\"},\"thumbnailUrl\":\"\",\"articleSection\":[\"Animations\",\"Concert\"],\"inLanguage\":\"nl-NL\"},{\"@type\":\"WebPage\",\"@id\":\"https:\\\/\\\/www.notredamealarose.be\\\/concert-la-cetra-dorfeo-le-vendredi-9-octobre-en-soiree\\\/\",\"url\":\"https:\\\/\\\/www.notredamealarose.be\\\/concert-la-cetra-dorfeo-le-vendredi-9-octobre-en-soiree\\\/\",\"name\":\"La Cetra d\u2019Orfeo op zondag 13\\\/10, om 16u - H\u00f4pital Notre-Dame \u00e0 la Rose - Lessines\",\"isPartOf\":{\"@id\":\"https:\\\/\\\/www.notredamealarose.be\\\/#website\"},\"primaryImageOfPage\":{\"@id\":\"https:\\\/\\\/www.notredamealarose.be\\\/concert-la-cetra-dorfeo-le-vendredi-9-octobre-en-soiree\\\/#primaryimage\"},\"image\":{\"@id\":\"https:\\\/\\\/www.notredamealarose.be\\\/concert-la-cetra-dorfeo-le-vendredi-9-octobre-en-soiree\\\/#primaryimage\"},\"thumbnailUrl\":\"\",\"datePublished\":\"2019-05-28T09:15:53+00:00\",\"breadcrumb\":{\"@id\":\"https:\\\/\\\/www.notredamealarose.be\\\/concert-la-cetra-dorfeo-le-vendredi-9-octobre-en-soiree\\\/#breadcrumb\"},\"inLanguage\":\"nl-NL\",\"potentialAction\":[{\"@type\":\"ReadAction\",\"target\":[\"https:\\\/\\\/www.notredamealarose.be\\\/concert-la-cetra-dorfeo-le-vendredi-9-octobre-en-soiree\\\/\"]}]},{\"@type\":\"ImageObject\",\"inLanguage\":\"nl-NL\",\"@id\":\"https:\\\/\\\/www.notredamealarose.be\\\/concert-la-cetra-dorfeo-le-vendredi-9-octobre-en-soiree\\\/#primaryimage\",\"url\":\"\",\"contentUrl\":\"\"},{\"@type\":\"BreadcrumbList\",\"@id\":\"https:\\\/\\\/www.notredamealarose.be\\\/concert-la-cetra-dorfeo-le-vendredi-9-octobre-en-soiree\\\/#breadcrumb\",\"itemListElement\":[{\"@type\":\"ListItem\",\"position\":1,\"name\":\"Accueil\",\"item\":\"https:\\\/\\\/www.notredamealarose.be\\\/nl\\\/\"},{\"@type\":\"ListItem\",\"position\":2,\"name\":\"La Cetra d\u2019Orfeo op zondag 13\\\/10, om 16u\"}]},{\"@type\":\"WebSite\",\"@id\":\"https:\\\/\\\/www.notredamealarose.be\\\/#website\",\"url\":\"https:\\\/\\\/www.notredamealarose.be\\\/\",\"name\":\"H\u00f4pital Notre-Dame \u00e0 la Rose - Lessines\",\"description\":\"Un mus\u00e9e magique et hors du temps !\",\"publisher\":{\"@id\":\"https:\\\/\\\/www.notredamealarose.be\\\/#organization\"},\"potentialAction\":[{\"@type\":\"SearchAction\",\"target\":{\"@type\":\"EntryPoint\",\"urlTemplate\":\"https:\\\/\\\/www.notredamealarose.be\\\/?s={search_term_string}\"},\"query-input\":{\"@type\":\"PropertyValueSpecification\",\"valueRequired\":true,\"valueName\":\"search_term_string\"}}],\"inLanguage\":\"nl-NL\"},{\"@type\":\"Organization\",\"@id\":\"https:\\\/\\\/www.notredamealarose.be\\\/#organization\",\"name\":\"H\u00f4pital Notre-Dame \u00e0 la Rose - Lessines\",\"url\":\"https:\\\/\\\/www.notredamealarose.be\\\/\",\"logo\":{\"@type\":\"ImageObject\",\"inLanguage\":\"nl-NL\",\"@id\":\"https:\\\/\\\/www.notredamealarose.be\\\/#\\\/schema\\\/logo\\\/image\\\/\",\"url\":\"https:\\\/\\\/www.notredamealarose.be\\\/2022\\\/wp-content\\\/uploads\\\/2023\\\/12\\\/HNDR-logo-monochrome-neg.png\",\"contentUrl\":\"https:\\\/\\\/www.notredamealarose.be\\\/2022\\\/wp-content\\\/uploads\\\/2023\\\/12\\\/HNDR-logo-monochrome-neg.png\",\"width\":1998,\"height\":1239,\"caption\":\"H\u00f4pital Notre-Dame \u00e0 la Rose - Lessines\"},\"image\":{\"@id\":\"https:\\\/\\\/www.notredamealarose.be\\\/#\\\/schema\\\/logo\\\/image\\\/\"}},{\"@type\":\"Person\",\"@id\":\"https:\\\/\\\/www.notredamealarose.be\\\/#\\\/schema\\\/person\\\/3a0a461049a481d42e8ad6f61694678d\",\"name\":\"Mus\u00e9e\",\"image\":{\"@type\":\"ImageObject\",\"inLanguage\":\"nl-NL\",\"@id\":\"https:\\\/\\\/secure.gravatar.com\\\/avatar\\\/d59e3c407838667b10d1f1e213a4b001755f76ec2c46053968d78e5edb94fd0e?s=96&d=mm&r=g\",\"url\":\"https:\\\/\\\/secure.gravatar.com\\\/avatar\\\/d59e3c407838667b10d1f1e213a4b001755f76ec2c46053968d78e5edb94fd0e?s=96&d=mm&r=g\",\"contentUrl\":\"https:\\\/\\\/secure.gravatar.com\\\/avatar\\\/d59e3c407838667b10d1f1e213a4b001755f76ec2c46053968d78e5edb94fd0e?s=96&d=mm&r=g\",\"caption\":\"Mus\u00e9e\"},\"url\":\"https:\\\/\\\/www.notredamealarose.be\\\/nl\\\/author\\\/ndalr2\\\/\"}]}<\/script>\n<!-- \/ Yoast SEO plugin. -->","yoast_head_json":{"title":"La Cetra d\u2019Orfeo op zondag 13\/10, om 16u - H\u00f4pital Notre-Dame \u00e0 la Rose - Lessines","robots":{"index":"index","follow":"follow","max-snippet":"max-snippet:-1","max-image-preview":"max-image-preview:large","max-video-preview":"max-video-preview:-1"},"canonical":"https:\/\/www.notredamealarose.be\/concert-la-cetra-dorfeo-le-vendredi-9-octobre-en-soiree\/","og_locale":"nl_NL","og_type":"article","og_title":"La Cetra d\u2019Orfeo op zondag 13\/10, om 16u - H\u00f4pital Notre-Dame \u00e0 la Rose - Lessines","og_description":"La Cetra d\u2019Orfeo presenteert \u2018Vanitas, van illusie tot redding\u2019 een origineel wandel-concert in de zalen van het Hospitaal Notre-Dame \u00e0 la Rose. La Cetra d\u2019Orfeo (viola da gamba, klavecimbel, blokfluit) en de soprano Anne H\u00e9l\u00e8ne Moens nodigen u uit om muziek uit de XVIIe eeuw te ontdekken.\u00a0 Het thema draait rond vanitas en redemptie. Een [&hellip;]","og_url":"https:\/\/www.notredamealarose.be\/concert-la-cetra-dorfeo-le-vendredi-9-octobre-en-soiree\/","og_site_name":"H\u00f4pital Notre-Dame \u00e0 la Rose - Lessines","article_published_time":"2019-05-28T09:15:53+00:00","author":"Mus\u00e9e","twitter_card":"summary_large_image","schema":{"@context":"https:\/\/schema.org","@graph":[{"@type":"Article","@id":"https:\/\/www.notredamealarose.be\/concert-la-cetra-dorfeo-le-vendredi-9-octobre-en-soiree\/#article","isPartOf":{"@id":"https:\/\/www.notredamealarose.be\/concert-la-cetra-dorfeo-le-vendredi-9-octobre-en-soiree\/"},"author":{"name":"Mus\u00e9e","@id":"https:\/\/www.notredamealarose.be\/#\/schema\/person\/3a0a461049a481d42e8ad6f61694678d"},"headline":"La Cetra d\u2019Orfeo op zondag 13\/10, om 16u","datePublished":"2019-05-28T09:15:53+00:00","mainEntityOfPage":{"@id":"https:\/\/www.notredamealarose.be\/concert-la-cetra-dorfeo-le-vendredi-9-octobre-en-soiree\/"},"wordCount":111,"publisher":{"@id":"https:\/\/www.notredamealarose.be\/#organization"},"image":{"@id":"https:\/\/www.notredamealarose.be\/concert-la-cetra-dorfeo-le-vendredi-9-octobre-en-soiree\/#primaryimage"},"thumbnailUrl":"","articleSection":["Animations","Concert"],"inLanguage":"nl-NL"},{"@type":"WebPage","@id":"https:\/\/www.notredamealarose.be\/concert-la-cetra-dorfeo-le-vendredi-9-octobre-en-soiree\/","url":"https:\/\/www.notredamealarose.be\/concert-la-cetra-dorfeo-le-vendredi-9-octobre-en-soiree\/","name":"La Cetra d\u2019Orfeo op zondag 13\/10, om 16u - H\u00f4pital Notre-Dame \u00e0 la Rose - Lessines","isPartOf":{"@id":"https:\/\/www.notredamealarose.be\/#website"},"primaryImageOfPage":{"@id":"https:\/\/www.notredamealarose.be\/concert-la-cetra-dorfeo-le-vendredi-9-octobre-en-soiree\/#primaryimage"},"image":{"@id":"https:\/\/www.notredamealarose.be\/concert-la-cetra-dorfeo-le-vendredi-9-octobre-en-soiree\/#primaryimage"},"thumbnailUrl":"","datePublished":"2019-05-28T09:15:53+00:00","breadcrumb":{"@id":"https:\/\/www.notredamealarose.be\/concert-la-cetra-dorfeo-le-vendredi-9-octobre-en-soiree\/#breadcrumb"},"inLanguage":"nl-NL","potentialAction":[{"@type":"ReadAction","target":["https:\/\/www.notredamealarose.be\/concert-la-cetra-dorfeo-le-vendredi-9-octobre-en-soiree\/"]}]},{"@type":"ImageObject","inLanguage":"nl-NL","@id":"https:\/\/www.notredamealarose.be\/concert-la-cetra-dorfeo-le-vendredi-9-octobre-en-soiree\/#primaryimage","url":"","contentUrl":""},{"@type":"BreadcrumbList","@id":"https:\/\/www.notredamealarose.be\/concert-la-cetra-dorfeo-le-vendredi-9-octobre-en-soiree\/#breadcrumb","itemListElement":[{"@type":"ListItem","position":1,"name":"Accueil","item":"https:\/\/www.notredamealarose.be\/nl\/"},{"@type":"ListItem","position":2,"name":"La Cetra d\u2019Orfeo op zondag 13\/10, om 16u"}]},{"@type":"WebSite","@id":"https:\/\/www.notredamealarose.be\/#website","url":"https:\/\/www.notredamealarose.be\/","name":"H\u00f4pital Notre-Dame \u00e0 la Rose - Lessines","description":"Un mus\u00e9e magique et hors du temps !","publisher":{"@id":"https:\/\/www.notredamealarose.be\/#organization"},"potentialAction":[{"@type":"SearchAction","target":{"@type":"EntryPoint","urlTemplate":"https:\/\/www.notredamealarose.be\/?s={search_term_string}"},"query-input":{"@type":"PropertyValueSpecification","valueRequired":true,"valueName":"search_term_string"}}],"inLanguage":"nl-NL"},{"@type":"Organization","@id":"https:\/\/www.notredamealarose.be\/#organization","name":"H\u00f4pital Notre-Dame \u00e0 la Rose - Lessines","url":"https:\/\/www.notredamealarose.be\/","logo":{"@type":"ImageObject","inLanguage":"nl-NL","@id":"https:\/\/www.notredamealarose.be\/#\/schema\/logo\/image\/","url":"https:\/\/www.notredamealarose.be\/2022\/wp-content\/uploads\/2023\/12\/HNDR-logo-monochrome-neg.png","contentUrl":"https:\/\/www.notredamealarose.be\/2022\/wp-content\/uploads\/2023\/12\/HNDR-logo-monochrome-neg.png","width":1998,"height":1239,"caption":"H\u00f4pital Notre-Dame \u00e0 la Rose - Lessines"},"image":{"@id":"https:\/\/www.notredamealarose.be\/#\/schema\/logo\/image\/"}},{"@type":"Person","@id":"https:\/\/www.notredamealarose.be\/#\/schema\/person\/3a0a461049a481d42e8ad6f61694678d","name":"Mus\u00e9e","image":{"@type":"ImageObject","inLanguage":"nl-NL","@id":"https:\/\/secure.gravatar.com\/avatar\/d59e3c407838667b10d1f1e213a4b001755f76ec2c46053968d78e5edb94fd0e?s=96&d=mm&r=g","url":"https:\/\/secure.gravatar.com\/avatar\/d59e3c407838667b10d1f1e213a4b001755f76ec2c46053968d78e5edb94fd0e?s=96&d=mm&r=g","contentUrl":"https:\/\/secure.gravatar.com\/avatar\/d59e3c407838667b10d1f1e213a4b001755f76ec2c46053968d78e5edb94fd0e?s=96&d=mm&r=g","caption":"Mus\u00e9e"},"url":"https:\/\/www.notredamealarose.be\/nl\/author\/ndalr2\/"}]}},"jetpack_featured_media_url":"","jetpack_sharing_enabled":true,"_links":{"self":[{"href":"https:\/\/www.notredamealarose.be\/nl\/wp-json\/wp\/v2\/posts\/6606","targetHints":{"allow":["GET"]}}],"collection":[{"href":"https:\/\/www.notredamealarose.be\/nl\/wp-json\/wp\/v2\/posts"}],"about":[{"href":"https:\/\/www.notredamealarose.be\/nl\/wp-json\/wp\/v2\/types\/post"}],"author":[{"embeddable":true,"href":"https:\/\/www.notredamealarose.be\/nl\/wp-json\/wp\/v2\/users\/2"}],"replies":[{"embeddable":true,"href":"https:\/\/www.notredamealarose.be\/nl\/wp-json\/wp\/v2\/comments?post=6606"}],"version-history":[{"count":0,"href":"https:\/\/www.notredamealarose.be\/nl\/wp-json\/wp\/v2\/posts\/6606\/revisions"}],"wp:featuredmedia":[{"embeddable":true,"href":"https:\/\/www.notredamealarose.be\/nl\/wp-json\/"}],"wp:attachment":[{"href":"https:\/\/www.notredamealarose.be\/nl\/wp-json\/wp\/v2\/media?parent=6606"}],"wp:term":[{"taxonomy":"category","embeddable":true,"href":"https:\/\/www.notredamealarose.be\/nl\/wp-json\/wp\/v2\/categories?post=6606"},{"taxonomy":"post_tag","embeddable":true,"href":"https:\/\/www.notredamealarose.be\/nl\/wp-json\/wp\/v2\/tags?post=6606"}],"curies":[{"name":"wp","href":"https:\/\/api.w.org\/{rel}","templated":true}]}}