{"id":6839,"date":"2019-10-10T17:13:10","date_gmt":"2019-10-10T15:13:10","guid":{"rendered":"https:\/\/www.notredamealarose.be\/?p=6839"},"modified":"2019-10-10T17:13:10","modified_gmt":"2019-10-10T15:13:10","slug":"oneindig-tentoonstelling-tot-29-03-20","status":"publish","type":"post","link":"https:\/\/www.notredamealarose.be\/nl\/oneindig-tentoonstelling-tot-29-03-20\/","title":{"rendered":"Oneindig, tentoonstelling tot 29\/03\/20"},"content":{"rendered":"<div id=\"tw-target-text-container\" class=\"tw-ta-container tw-nfl\">\n<p id=\"tw-target-text\" class=\"tw-data-text tw-text-large tw-ta\" dir=\"ltr\" data-placeholder=\"Traduction\"><span lang=\"nl\" tabindex=\"0\"><img loading=\"lazy\" decoding=\"async\" class=\"size-medium wp-image-6822 alignleft\" src=\"https:\/\/www.notredamealarose.be\/2013\/wp-content\/uploads\/2019\/10\/infiniment_photo1_Bornain-300x297.jpg\" alt=\"\" width=\"300\" height=\"297\" \/>Pascal Bernier, Alain Bornain, Sophie Langhor en Laurent Quillet palmen het Hospitaal Notre-Dame \u00e0 la Rose in voor een nieuwe tentoonstelling. Met multidisciplinaire aanpak stelt dit kunstenaars kwartet een tentoonstelling voor,\u00a0 in symbiose en resonantie met dit oord die in ieder existenti\u00eble vragen doet opkomen.<br \/>\n<\/span><\/p>\n<\/div>\n<p dir=\"ltr\" data-placeholder=\"Traduction\"><strong>Van 1 oktober 2019 tot eind maart 2020<\/strong><\/p>\n<p dir=\"ltr\" data-placeholder=\"Traduction\"><img loading=\"lazy\" decoding=\"async\" class=\"alignnone size-medium wp-image-6772\" src=\"https:\/\/www.notredamealarose.be\/2013\/wp-content\/uploads\/2019\/08\/infiniment_photo2_Bernier-241x300.jpg\" alt=\"\" width=\"241\" height=\"300\" \/><img loading=\"lazy\" decoding=\"async\" class=\"alignnone size-medium wp-image-6768\" src=\"https:\/\/www.notredamealarose.be\/2013\/wp-content\/uploads\/2019\/08\/infiniment_photo3_Langohr-300x200.jpg\" alt=\"\" width=\"300\" height=\"200\" \/><img loading=\"lazy\" decoding=\"async\" class=\"alignnone size-medium wp-image-6782\" src=\"https:\/\/www.notredamealarose.be\/2013\/wp-content\/uploads\/2019\/08\/infiniment_photo4_Quillet-245x300.jpg\" alt=\"\" width=\"245\" height=\"300\" \/><\/p>\n","protected":false},"excerpt":{"rendered":"<p>Pascal Bernier, Alain Bornain, Sophie Langhor en Laurent Quillet palmen het Hospitaal Notre-Dame \u00e0 la Rose in voor een nieuwe tentoonstelling. Met multidisciplinaire aanpak stelt dit kunstenaars kwartet een tentoonstelling voor,\u00a0 in symbiose en resonantie met dit oord die in ieder existenti\u00eble vragen doet opkomen. Van 1 oktober 2019 tot eind maart 2020<\/p>\n","protected":false},"author":2,"featured_media":6768,"comment_status":"closed","ping_status":"open","sticky":false,"template":"","format":"standard","meta":{"site-sidebar-layout":"default","site-content-layout":"","ast-site-content-layout":"","site-content-style":"default","site-sidebar-style":"default","ast-global-header-display":"","ast-banner-title-visibility":"","ast-main-header-display":"","ast-hfb-above-header-display":"","ast-hfb-below-header-display":"","ast-hfb-mobile-header-display":"","site-post-title":"","ast-breadcrumbs-content":"","ast-featured-img":"","footer-sml-layout":"","theme-transparent-header-meta":"","adv-header-id-meta":"","stick-header-meta":"","header-above-stick-meta":"","header-main-stick-meta":"","header-below-stick-meta":"","astra-migrate-meta-layouts":"default","ast-page-background-enabled":"default","ast-page-background-meta":{"desktop":{"background-color":"var(--ast-global-color-4)","background-image":"","background-repeat":"repeat","background-position":"center center","background-size":"auto","background-attachment":"scroll","background-type":"","background-media":"","overlay-type":"","overlay-color":"","overlay-gradient":""},"tablet":{"background-color":"","background-image":"","background-repeat":"repeat","background-position":"center center","background-size":"auto","background-attachment":"scroll","background-type":"","background-media":"","overlay-type":"","overlay-color":"","overlay-gradient":""},"mobile":{"background-color":"","background-image":"","background-repeat":"repeat","background-position":"center center","background-size":"auto","background-attachment":"scroll","background-type":"","background-media":"","overlay-type":"","overlay-color":"","overlay-gradient":""}},"ast-content-background-meta":{"desktop":{"background-color":"var(--ast-global-color-5)","background-image":"","background-repeat":"repeat","background-position":"center center","background-size":"auto","background-attachment":"scroll","background-type":"","background-media":"","overlay-type":"","overlay-color":"","overlay-gradient":""},"tablet":{"background-color":"var(--ast-global-color-5)","background-image":"","background-repeat":"repeat","background-position":"center center","background-size":"auto","background-attachment":"scroll","background-type":"","background-media":"","overlay-type":"","overlay-color":"","overlay-gradient":""},"mobile":{"background-color":"var(--ast-global-color-5)","background-image":"","background-repeat":"repeat","background-position":"center center","background-size":"auto","background-attachment":"scroll","background-type":"","background-media":"","overlay-type":"","overlay-color":"","overlay-gradient":""}},"_price":"","_stock":"","_tribe_ticket_header":"","_tribe_default_ticket_provider":"","_tribe_ticket_capacity":"0","_ticket_start_date":"","_ticket_end_date":"","_tribe_ticket_show_description":"","_tribe_ticket_show_not_going":false,"_tribe_ticket_use_global_stock":"","_tribe_ticket_global_stock_level":"","_global_stock_mode":"","_global_stock_cap":"","_tribe_rsvp_for_event":"","_tribe_ticket_going_count":"","_tribe_ticket_not_going_count":"","_tribe_tickets_list":"[]","_tribe_ticket_has_attendee_info_fields":false,"_jetpack_memberships_contains_paid_content":false,"footnotes":""},"categories":[3,18],"tags":[],"class_list":["post-6839","post","type-post","status-publish","format-standard","has-post-thumbnail","hentry","category-actualites","category-expositions"],"yoast_head":"<!-- This site is optimized with the Yoast SEO plugin v27.4 - https:\/\/yoast.com\/product\/yoast-seo-wordpress\/ -->\n<title>Oneindig, tentoonstelling tot 29\/03\/20 - H\u00f4pital Notre-Dame \u00e0 la Rose - Lessines<\/title>\n<meta name=\"robots\" content=\"index, follow, max-snippet:-1, max-image-preview:large, max-video-preview:-1\" \/>\n<link rel=\"canonical\" href=\"https:\/\/www.notredamealarose.be\/expo-infiniment-du-1-10-au-31-03-20\/\" \/>\n<meta property=\"og:locale\" content=\"nl_NL\" \/>\n<meta property=\"og:type\" content=\"article\" \/>\n<meta property=\"og:title\" content=\"Oneindig, tentoonstelling tot 29\/03\/20 - H\u00f4pital Notre-Dame \u00e0 la Rose - Lessines\" \/>\n<meta property=\"og:description\" content=\"Pascal Bernier, Alain Bornain, Sophie Langhor en Laurent Quillet palmen het Hospitaal Notre-Dame \u00e0 la Rose in voor een nieuwe tentoonstelling. Met multidisciplinaire aanpak stelt dit kunstenaars kwartet een tentoonstelling voor,\u00a0 in symbiose en resonantie met dit oord die in ieder existenti\u00eble vragen doet opkomen. Van 1 oktober 2019 tot eind maart 2020\" \/>\n<meta property=\"og:url\" content=\"https:\/\/www.notredamealarose.be\/expo-infiniment-du-1-10-au-31-03-20\/\" \/>\n<meta property=\"og:site_name\" content=\"H\u00f4pital Notre-Dame \u00e0 la Rose - Lessines\" \/>\n<meta property=\"article:published_time\" content=\"2019-10-10T15:13:10+00:00\" \/>\n<meta name=\"author\" content=\"Mus\u00e9e\" \/>\n<meta name=\"twitter:card\" content=\"summary_large_image\" \/>\n<script type=\"application\/ld+json\" class=\"yoast-schema-graph\">{\"@context\":\"https:\\\/\\\/schema.org\",\"@graph\":[{\"@type\":\"Article\",\"@id\":\"https:\\\/\\\/www.notredamealarose.be\\\/expo-infiniment-du-1-10-au-31-03-20\\\/#article\",\"isPartOf\":{\"@id\":\"https:\\\/\\\/www.notredamealarose.be\\\/expo-infiniment-du-1-10-au-31-03-20\\\/\"},\"author\":{\"name\":\"Mus\u00e9e\",\"@id\":\"https:\\\/\\\/www.notredamealarose.be\\\/#\\\/schema\\\/person\\\/3a0a461049a481d42e8ad6f61694678d\"},\"headline\":\"Oneindig, tentoonstelling tot 29\\\/03\\\/20\",\"datePublished\":\"2019-10-10T15:13:10+00:00\",\"mainEntityOfPage\":{\"@id\":\"https:\\\/\\\/www.notredamealarose.be\\\/expo-infiniment-du-1-10-au-31-03-20\\\/\"},\"wordCount\":53,\"publisher\":{\"@id\":\"https:\\\/\\\/www.notredamealarose.be\\\/#organization\"},\"image\":{\"@id\":\"https:\\\/\\\/www.notredamealarose.be\\\/expo-infiniment-du-1-10-au-31-03-20\\\/#primaryimage\"},\"thumbnailUrl\":\"\",\"articleSection\":[\"Actualit\u00e9s\",\"Expositions\"],\"inLanguage\":\"nl-NL\"},{\"@type\":\"WebPage\",\"@id\":\"https:\\\/\\\/www.notredamealarose.be\\\/expo-infiniment-du-1-10-au-31-03-20\\\/\",\"url\":\"https:\\\/\\\/www.notredamealarose.be\\\/expo-infiniment-du-1-10-au-31-03-20\\\/\",\"name\":\"Oneindig, tentoonstelling tot 29\\\/03\\\/20 - H\u00f4pital Notre-Dame \u00e0 la Rose - Lessines\",\"isPartOf\":{\"@id\":\"https:\\\/\\\/www.notredamealarose.be\\\/#website\"},\"primaryImageOfPage\":{\"@id\":\"https:\\\/\\\/www.notredamealarose.be\\\/expo-infiniment-du-1-10-au-31-03-20\\\/#primaryimage\"},\"image\":{\"@id\":\"https:\\\/\\\/www.notredamealarose.be\\\/expo-infiniment-du-1-10-au-31-03-20\\\/#primaryimage\"},\"thumbnailUrl\":\"\",\"datePublished\":\"2019-10-10T15:13:10+00:00\",\"breadcrumb\":{\"@id\":\"https:\\\/\\\/www.notredamealarose.be\\\/expo-infiniment-du-1-10-au-31-03-20\\\/#breadcrumb\"},\"inLanguage\":\"nl-NL\",\"potentialAction\":[{\"@type\":\"ReadAction\",\"target\":[\"https:\\\/\\\/www.notredamealarose.be\\\/expo-infiniment-du-1-10-au-31-03-20\\\/\"]}]},{\"@type\":\"ImageObject\",\"inLanguage\":\"nl-NL\",\"@id\":\"https:\\\/\\\/www.notredamealarose.be\\\/expo-infiniment-du-1-10-au-31-03-20\\\/#primaryimage\",\"url\":\"\",\"contentUrl\":\"\"},{\"@type\":\"BreadcrumbList\",\"@id\":\"https:\\\/\\\/www.notredamealarose.be\\\/expo-infiniment-du-1-10-au-31-03-20\\\/#breadcrumb\",\"itemListElement\":[{\"@type\":\"ListItem\",\"position\":1,\"name\":\"Accueil\",\"item\":\"https:\\\/\\\/www.notredamealarose.be\\\/nl\\\/\"},{\"@type\":\"ListItem\",\"position\":2,\"name\":\"Oneindig, tentoonstelling tot 29\\\/03\\\/20\"}]},{\"@type\":\"WebSite\",\"@id\":\"https:\\\/\\\/www.notredamealarose.be\\\/#website\",\"url\":\"https:\\\/\\\/www.notredamealarose.be\\\/\",\"name\":\"H\u00f4pital Notre-Dame \u00e0 la Rose - Lessines\",\"description\":\"Un mus\u00e9e magique et hors du temps !\",\"publisher\":{\"@id\":\"https:\\\/\\\/www.notredamealarose.be\\\/#organization\"},\"potentialAction\":[{\"@type\":\"SearchAction\",\"target\":{\"@type\":\"EntryPoint\",\"urlTemplate\":\"https:\\\/\\\/www.notredamealarose.be\\\/?s={search_term_string}\"},\"query-input\":{\"@type\":\"PropertyValueSpecification\",\"valueRequired\":true,\"valueName\":\"search_term_string\"}}],\"inLanguage\":\"nl-NL\"},{\"@type\":\"Organization\",\"@id\":\"https:\\\/\\\/www.notredamealarose.be\\\/#organization\",\"name\":\"H\u00f4pital Notre-Dame \u00e0 la Rose - Lessines\",\"url\":\"https:\\\/\\\/www.notredamealarose.be\\\/\",\"logo\":{\"@type\":\"ImageObject\",\"inLanguage\":\"nl-NL\",\"@id\":\"https:\\\/\\\/www.notredamealarose.be\\\/#\\\/schema\\\/logo\\\/image\\\/\",\"url\":\"https:\\\/\\\/www.notredamealarose.be\\\/2022\\\/wp-content\\\/uploads\\\/2023\\\/12\\\/HNDR-logo-monochrome-neg.png\",\"contentUrl\":\"https:\\\/\\\/www.notredamealarose.be\\\/2022\\\/wp-content\\\/uploads\\\/2023\\\/12\\\/HNDR-logo-monochrome-neg.png\",\"width\":1998,\"height\":1239,\"caption\":\"H\u00f4pital Notre-Dame \u00e0 la Rose - Lessines\"},\"image\":{\"@id\":\"https:\\\/\\\/www.notredamealarose.be\\\/#\\\/schema\\\/logo\\\/image\\\/\"}},{\"@type\":\"Person\",\"@id\":\"https:\\\/\\\/www.notredamealarose.be\\\/#\\\/schema\\\/person\\\/3a0a461049a481d42e8ad6f61694678d\",\"name\":\"Mus\u00e9e\",\"image\":{\"@type\":\"ImageObject\",\"inLanguage\":\"nl-NL\",\"@id\":\"https:\\\/\\\/secure.gravatar.com\\\/avatar\\\/d59e3c407838667b10d1f1e213a4b001755f76ec2c46053968d78e5edb94fd0e?s=96&d=mm&r=g\",\"url\":\"https:\\\/\\\/secure.gravatar.com\\\/avatar\\\/d59e3c407838667b10d1f1e213a4b001755f76ec2c46053968d78e5edb94fd0e?s=96&d=mm&r=g\",\"contentUrl\":\"https:\\\/\\\/secure.gravatar.com\\\/avatar\\\/d59e3c407838667b10d1f1e213a4b001755f76ec2c46053968d78e5edb94fd0e?s=96&d=mm&r=g\",\"caption\":\"Mus\u00e9e\"},\"url\":\"https:\\\/\\\/www.notredamealarose.be\\\/nl\\\/author\\\/ndalr2\\\/\"}]}<\/script>\n<!-- \/ Yoast SEO plugin. -->","yoast_head_json":{"title":"Oneindig, tentoonstelling tot 29\/03\/20 - H\u00f4pital Notre-Dame \u00e0 la Rose - Lessines","robots":{"index":"index","follow":"follow","max-snippet":"max-snippet:-1","max-image-preview":"max-image-preview:large","max-video-preview":"max-video-preview:-1"},"canonical":"https:\/\/www.notredamealarose.be\/expo-infiniment-du-1-10-au-31-03-20\/","og_locale":"nl_NL","og_type":"article","og_title":"Oneindig, tentoonstelling tot 29\/03\/20 - H\u00f4pital Notre-Dame \u00e0 la Rose - Lessines","og_description":"Pascal Bernier, Alain Bornain, Sophie Langhor en Laurent Quillet palmen het Hospitaal Notre-Dame \u00e0 la Rose in voor een nieuwe tentoonstelling. Met multidisciplinaire aanpak stelt dit kunstenaars kwartet een tentoonstelling voor,\u00a0 in symbiose en resonantie met dit oord die in ieder existenti\u00eble vragen doet opkomen. Van 1 oktober 2019 tot eind maart 2020","og_url":"https:\/\/www.notredamealarose.be\/expo-infiniment-du-1-10-au-31-03-20\/","og_site_name":"H\u00f4pital Notre-Dame \u00e0 la Rose - Lessines","article_published_time":"2019-10-10T15:13:10+00:00","author":"Mus\u00e9e","twitter_card":"summary_large_image","schema":{"@context":"https:\/\/schema.org","@graph":[{"@type":"Article","@id":"https:\/\/www.notredamealarose.be\/expo-infiniment-du-1-10-au-31-03-20\/#article","isPartOf":{"@id":"https:\/\/www.notredamealarose.be\/expo-infiniment-du-1-10-au-31-03-20\/"},"author":{"name":"Mus\u00e9e","@id":"https:\/\/www.notredamealarose.be\/#\/schema\/person\/3a0a461049a481d42e8ad6f61694678d"},"headline":"Oneindig, tentoonstelling tot 29\/03\/20","datePublished":"2019-10-10T15:13:10+00:00","mainEntityOfPage":{"@id":"https:\/\/www.notredamealarose.be\/expo-infiniment-du-1-10-au-31-03-20\/"},"wordCount":53,"publisher":{"@id":"https:\/\/www.notredamealarose.be\/#organization"},"image":{"@id":"https:\/\/www.notredamealarose.be\/expo-infiniment-du-1-10-au-31-03-20\/#primaryimage"},"thumbnailUrl":"","articleSection":["Actualit\u00e9s","Expositions"],"inLanguage":"nl-NL"},{"@type":"WebPage","@id":"https:\/\/www.notredamealarose.be\/expo-infiniment-du-1-10-au-31-03-20\/","url":"https:\/\/www.notredamealarose.be\/expo-infiniment-du-1-10-au-31-03-20\/","name":"Oneindig, tentoonstelling tot 29\/03\/20 - H\u00f4pital Notre-Dame \u00e0 la Rose - Lessines","isPartOf":{"@id":"https:\/\/www.notredamealarose.be\/#website"},"primaryImageOfPage":{"@id":"https:\/\/www.notredamealarose.be\/expo-infiniment-du-1-10-au-31-03-20\/#primaryimage"},"image":{"@id":"https:\/\/www.notredamealarose.be\/expo-infiniment-du-1-10-au-31-03-20\/#primaryimage"},"thumbnailUrl":"","datePublished":"2019-10-10T15:13:10+00:00","breadcrumb":{"@id":"https:\/\/www.notredamealarose.be\/expo-infiniment-du-1-10-au-31-03-20\/#breadcrumb"},"inLanguage":"nl-NL","potentialAction":[{"@type":"ReadAction","target":["https:\/\/www.notredamealarose.be\/expo-infiniment-du-1-10-au-31-03-20\/"]}]},{"@type":"ImageObject","inLanguage":"nl-NL","@id":"https:\/\/www.notredamealarose.be\/expo-infiniment-du-1-10-au-31-03-20\/#primaryimage","url":"","contentUrl":""},{"@type":"BreadcrumbList","@id":"https:\/\/www.notredamealarose.be\/expo-infiniment-du-1-10-au-31-03-20\/#breadcrumb","itemListElement":[{"@type":"ListItem","position":1,"name":"Accueil","item":"https:\/\/www.notredamealarose.be\/nl\/"},{"@type":"ListItem","position":2,"name":"Oneindig, tentoonstelling tot 29\/03\/20"}]},{"@type":"WebSite","@id":"https:\/\/www.notredamealarose.be\/#website","url":"https:\/\/www.notredamealarose.be\/","name":"H\u00f4pital Notre-Dame \u00e0 la Rose - Lessines","description":"Un mus\u00e9e magique et hors du temps !","publisher":{"@id":"https:\/\/www.notredamealarose.be\/#organization"},"potentialAction":[{"@type":"SearchAction","target":{"@type":"EntryPoint","urlTemplate":"https:\/\/www.notredamealarose.be\/?s={search_term_string}"},"query-input":{"@type":"PropertyValueSpecification","valueRequired":true,"valueName":"search_term_string"}}],"inLanguage":"nl-NL"},{"@type":"Organization","@id":"https:\/\/www.notredamealarose.be\/#organization","name":"H\u00f4pital Notre-Dame \u00e0 la Rose - Lessines","url":"https:\/\/www.notredamealarose.be\/","logo":{"@type":"ImageObject","inLanguage":"nl-NL","@id":"https:\/\/www.notredamealarose.be\/#\/schema\/logo\/image\/","url":"https:\/\/www.notredamealarose.be\/2022\/wp-content\/uploads\/2023\/12\/HNDR-logo-monochrome-neg.png","contentUrl":"https:\/\/www.notredamealarose.be\/2022\/wp-content\/uploads\/2023\/12\/HNDR-logo-monochrome-neg.png","width":1998,"height":1239,"caption":"H\u00f4pital Notre-Dame \u00e0 la Rose - Lessines"},"image":{"@id":"https:\/\/www.notredamealarose.be\/#\/schema\/logo\/image\/"}},{"@type":"Person","@id":"https:\/\/www.notredamealarose.be\/#\/schema\/person\/3a0a461049a481d42e8ad6f61694678d","name":"Mus\u00e9e","image":{"@type":"ImageObject","inLanguage":"nl-NL","@id":"https:\/\/secure.gravatar.com\/avatar\/d59e3c407838667b10d1f1e213a4b001755f76ec2c46053968d78e5edb94fd0e?s=96&d=mm&r=g","url":"https:\/\/secure.gravatar.com\/avatar\/d59e3c407838667b10d1f1e213a4b001755f76ec2c46053968d78e5edb94fd0e?s=96&d=mm&r=g","contentUrl":"https:\/\/secure.gravatar.com\/avatar\/d59e3c407838667b10d1f1e213a4b001755f76ec2c46053968d78e5edb94fd0e?s=96&d=mm&r=g","caption":"Mus\u00e9e"},"url":"https:\/\/www.notredamealarose.be\/nl\/author\/ndalr2\/"}]}},"jetpack_featured_media_url":"","jetpack_sharing_enabled":true,"_links":{"self":[{"href":"https:\/\/www.notredamealarose.be\/nl\/wp-json\/wp\/v2\/posts\/6839","targetHints":{"allow":["GET"]}}],"collection":[{"href":"https:\/\/www.notredamealarose.be\/nl\/wp-json\/wp\/v2\/posts"}],"about":[{"href":"https:\/\/www.notredamealarose.be\/nl\/wp-json\/wp\/v2\/types\/post"}],"author":[{"embeddable":true,"href":"https:\/\/www.notredamealarose.be\/nl\/wp-json\/wp\/v2\/users\/2"}],"replies":[{"embeddable":true,"href":"https:\/\/www.notredamealarose.be\/nl\/wp-json\/wp\/v2\/comments?post=6839"}],"version-history":[{"count":0,"href":"https:\/\/www.notredamealarose.be\/nl\/wp-json\/wp\/v2\/posts\/6839\/revisions"}],"wp:featuredmedia":[{"embeddable":true,"href":"https:\/\/www.notredamealarose.be\/nl\/wp-json\/"}],"wp:attachment":[{"href":"https:\/\/www.notredamealarose.be\/nl\/wp-json\/wp\/v2\/media?parent=6839"}],"wp:term":[{"taxonomy":"category","embeddable":true,"href":"https:\/\/www.notredamealarose.be\/nl\/wp-json\/wp\/v2\/categories?post=6839"},{"taxonomy":"post_tag","embeddable":true,"href":"https:\/\/www.notredamealarose.be\/nl\/wp-json\/wp\/v2\/tags?post=6839"}],"curies":[{"name":"wp","href":"https:\/\/api.w.org\/{rel}","templated":true}]}}