{"id":7252,"date":"2020-03-13T14:55:46","date_gmt":"2020-03-13T13:55:46","guid":{"rendered":"https:\/\/www.notredamealarose.be\/?p=7252"},"modified":"2020-03-13T14:55:46","modified_gmt":"2020-03-13T13:55:46","slug":"coronavirus","status":"publish","type":"post","link":"https:\/\/www.notredamealarose.be\/nl\/coronavirus\/","title":{"rendered":"Sanitaire maatregelen voor de heropening van het museum"},"content":{"rendered":"<p>Beste bezoekers,<\/p>\n<p>Vanaf 13 juni zal het Museum H\u00f4pital Notre-Dame \u00e0 la Rose terug toegankelijk zijn van dinsdag tot vrijdag van 14u tot 18u en \u2018s zaterdags en \u2018s zondags, van 14u tot 18u30.<\/p>\n<p>Ook onze horecafaciliteiten en het terras zullen opnieuw open zijn.<\/p>\n<p>We verzoeken u wel om te reserveren aangezien de plaatsen beperkt zijn.<\/p>\n<p>De hieronder beschreven maatregelen kunnen ofwel aangepast of verlengd worden naar gelang de evolutie van de toestand.<\/p>\n<p><b>DE BEZOEKEN ZIJN MOMENTEEL VOORBEHOUDEN VOOR INDIVIDUELE BEZOEKERS (MET OF ZONDER VRIEND(IN)) EN VOOR PERSONEN DIE IN HETZELFDE HUIS WONEN.<\/b><\/p>\n<p>Om u in deze uitzonderlijke periode zo goed mogelijk te ontvangen danken wij u om tot nader order volgende richtlijnen te respecteren :<\/p>\n<ul>\n<li><b>de toegang is beperkt tot 25 personen per half uur<\/b><\/li>\n<li>reservering aangeraden via www.notredamealarose.be (onmiddellijke bevestiging) of telefonisch +32 68 33 24 03<span class=\"Apple-converted-space\">\u00a0\u00a0<\/span><\/li>\n<li>respecteren van het toegekende tijdslot (in geval van vertraging kan uw bezoek uitgesteld worden)<\/li>\n<li>iedere bezoeker kan gedurende 2u30 de museumzalen (her)ontdekken (uitgezonderd het bezoek van de tuin)<\/li>\n<li><b>het dragen van een mondmasker is verplicht<\/b> (maar wordt niet door het museum ter beschikking gesteld)<\/li>\n<li>betaling via elektronische weg aanbevolen<\/li>\n<li>we vragen u om uw handen te ontsmetten voor shop of museum te betreden (alcogel ter plaatse beschikbaar)<\/li>\n<li>Kleedhokjes zijn niet beschikbaar. <b>Gelieve aangepaste kleren te dragen<span class=\"Apple-converted-space\">\u00a0 <\/span>(liever geen jas of gewatteerde jas, geen paraplu\u2019s en zakken of handtassen met afmetingen boven 30 x 18 x 25 cm). <\/b>Enkel kleine handtassen worden toegelaten.<\/li>\n<li><b>de liften zijn niet beschikbaar, <\/b>behalve voor mindervaliden die worden verzocht zich bij hun reservatie te melden.<\/li>\n<li>respect voor de aangegeven maatregelen en social distancing<\/li>\n<li>we vragen u om de grondmarkering en de zichtbare bewegwijzering langs uw bezoeksparcours strikt te volgen.<\/li>\n<\/ul>\n<div id=\"ConstellationWidgetContainer1e1745ad-69ce-491f-bdd7-1d2239e7f8fb\" style=\"width: 100%;\" title=\"H\u00f4pital Notre-Dame \u00e0 la Rose\" data-id-projet=\"1e1745ad69ce491fbdd71d2239e7f8fb\">Laden in uitvoering &#8230;<\/div>\n<p><script type=\"text\/javascript\" src=\"https:\/\/reservation.elloha.com\/Scripts\/widget-loader.min.js?v=40\"><\/script> <script type=\"text\/javascript\">var constellationWidgetUrl1e1745ad69ce491fbdd71d2239e7f8fb, constellationTypeModule1e1745ad69ce491fbdd71d2239e7f8fb; constellationWidgetUrl1e1745ad69ce491fbdd71d2239e7f8fb = 'https:\/\/reservation.elloha.com\/Widget\/BookingEngine\/1e1745ad-69ce-491f-bdd7-1d2239e7f8fb?idoi=d5c2a244-62cc-453f-8520-32a3935c6e16&culture=nl-NL'; constellationTypeModule1e1745ad69ce491fbdd71d2239e7f8fb=1; constellationWidgetLoad('ConstellationWidgetContainer1e1745ad-69ce-491f-bdd7-1d2239e7f8fb'); constellationWidgetAddEvent(window, \"resize\", function () { constellationWidgetSetAppearance('ConstellationWidgetContainer1e1745ad-69ce-491f-bdd7-1d2239e7f8fb'); });<\/script><\/p>\n","protected":false},"excerpt":{"rendered":"<p>Beste bezoekers, Vanaf 13 juni zal het Museum H\u00f4pital Notre-Dame \u00e0 la Rose terug toegankelijk zijn van dinsdag tot vrijdag van 14u tot 18u en \u2018s zaterdags en \u2018s zondags, van 14u tot 18u30. Ook onze horecafaciliteiten en het terras zullen opnieuw open zijn. We verzoeken u wel om te reserveren aangezien de plaatsen beperkt [&hellip;]<\/p>\n","protected":false},"author":2,"featured_media":7323,"comment_status":"closed","ping_status":"open","sticky":false,"template":"","format":"standard","meta":{"site-sidebar-layout":"default","site-content-layout":"","ast-site-content-layout":"","site-content-style":"default","site-sidebar-style":"default","ast-global-header-display":"","ast-banner-title-visibility":"","ast-main-header-display":"","ast-hfb-above-header-display":"","ast-hfb-below-header-display":"","ast-hfb-mobile-header-display":"","site-post-title":"","ast-breadcrumbs-content":"","ast-featured-img":"","footer-sml-layout":"","theme-transparent-header-meta":"","adv-header-id-meta":"","stick-header-meta":"","header-above-stick-meta":"","header-main-stick-meta":"","header-below-stick-meta":"","astra-migrate-meta-layouts":"default","ast-page-background-enabled":"default","ast-page-background-meta":{"desktop":{"background-color":"var(--ast-global-color-4)","background-image":"","background-repeat":"repeat","background-position":"center center","background-size":"auto","background-attachment":"scroll","background-type":"","background-media":"","overlay-type":"","overlay-color":"","overlay-gradient":""},"tablet":{"background-color":"","background-image":"","background-repeat":"repeat","background-position":"center center","background-size":"auto","background-attachment":"scroll","background-type":"","background-media":"","overlay-type":"","overlay-color":"","overlay-gradient":""},"mobile":{"background-color":"","background-image":"","background-repeat":"repeat","background-position":"center center","background-size":"auto","background-attachment":"scroll","background-type":"","background-media":"","overlay-type":"","overlay-color":"","overlay-gradient":""}},"ast-content-background-meta":{"desktop":{"background-color":"var(--ast-global-color-5)","background-image":"","background-repeat":"repeat","background-position":"center center","background-size":"auto","background-attachment":"scroll","background-type":"","background-media":"","overlay-type":"","overlay-color":"","overlay-gradient":""},"tablet":{"background-color":"var(--ast-global-color-5)","background-image":"","background-repeat":"repeat","background-position":"center center","background-size":"auto","background-attachment":"scroll","background-type":"","background-media":"","overlay-type":"","overlay-color":"","overlay-gradient":""},"mobile":{"background-color":"var(--ast-global-color-5)","background-image":"","background-repeat":"repeat","background-position":"center center","background-size":"auto","background-attachment":"scroll","background-type":"","background-media":"","overlay-type":"","overlay-color":"","overlay-gradient":""}},"_price":"","_stock":"","_tribe_ticket_header":"","_tribe_default_ticket_provider":"","_tribe_ticket_capacity":"0","_ticket_start_date":"","_ticket_end_date":"","_tribe_ticket_show_description":"","_tribe_ticket_show_not_going":false,"_tribe_ticket_use_global_stock":"","_tribe_ticket_global_stock_level":"","_global_stock_mode":"","_global_stock_cap":"","_tribe_rsvp_for_event":"","_tribe_ticket_going_count":"","_tribe_ticket_not_going_count":"","_tribe_tickets_list":"[]","_tribe_ticket_has_attendee_info_fields":false,"_jetpack_memberships_contains_paid_content":false,"footnotes":""},"categories":[3,8],"tags":[],"class_list":["post-7252","post","type-post","status-publish","format-standard","has-post-thumbnail","hentry","category-actualites","category-animations"],"yoast_head":"<!-- This site is optimized with the Yoast SEO plugin v27.4 - https:\/\/yoast.com\/product\/yoast-seo-wordpress\/ -->\n<title>Sanitaire maatregelen voor de heropening van het museum - H\u00f4pital Notre-Dame \u00e0 la Rose - Lessines<\/title>\n<meta name=\"robots\" content=\"index, follow, max-snippet:-1, max-image-preview:large, max-video-preview:-1\" \/>\n<link rel=\"canonical\" href=\"https:\/\/www.notredamealarose.be\/mesures-sanitaires-prises-dans-le-cadre-de-la-re-ouverture-du-musee\/\" \/>\n<meta property=\"og:locale\" content=\"nl_NL\" \/>\n<meta property=\"og:type\" content=\"article\" \/>\n<meta property=\"og:title\" content=\"Sanitaire maatregelen voor de heropening van het museum - H\u00f4pital Notre-Dame \u00e0 la Rose - Lessines\" \/>\n<meta property=\"og:description\" content=\"Beste bezoekers, Vanaf 13 juni zal het Museum H\u00f4pital Notre-Dame \u00e0 la Rose terug toegankelijk zijn van dinsdag tot vrijdag van 14u tot 18u en \u2018s zaterdags en \u2018s zondags, van 14u tot 18u30. Ook onze horecafaciliteiten en het terras zullen opnieuw open zijn. We verzoeken u wel om te reserveren aangezien de plaatsen beperkt [&hellip;]\" \/>\n<meta property=\"og:url\" content=\"https:\/\/www.notredamealarose.be\/mesures-sanitaires-prises-dans-le-cadre-de-la-re-ouverture-du-musee\/\" \/>\n<meta property=\"og:site_name\" content=\"H\u00f4pital Notre-Dame \u00e0 la Rose - Lessines\" \/>\n<meta property=\"article:published_time\" content=\"2020-03-13T13:55:46+00:00\" \/>\n<meta name=\"author\" content=\"Mus\u00e9e\" \/>\n<meta name=\"twitter:card\" content=\"summary_large_image\" \/>\n<script type=\"application\/ld+json\" class=\"yoast-schema-graph\">{\"@context\":\"https:\\\/\\\/schema.org\",\"@graph\":[{\"@type\":\"Article\",\"@id\":\"https:\\\/\\\/www.notredamealarose.be\\\/mesures-sanitaires-prises-dans-le-cadre-de-la-re-ouverture-du-musee\\\/#article\",\"isPartOf\":{\"@id\":\"https:\\\/\\\/www.notredamealarose.be\\\/mesures-sanitaires-prises-dans-le-cadre-de-la-re-ouverture-du-musee\\\/\"},\"author\":{\"name\":\"Mus\u00e9e\",\"@id\":\"https:\\\/\\\/www.notredamealarose.be\\\/#\\\/schema\\\/person\\\/3a0a461049a481d42e8ad6f61694678d\"},\"headline\":\"Sanitaire maatregelen voor de heropening van het museum\",\"datePublished\":\"2020-03-13T13:55:46+00:00\",\"mainEntityOfPage\":{\"@id\":\"https:\\\/\\\/www.notredamealarose.be\\\/mesures-sanitaires-prises-dans-le-cadre-de-la-re-ouverture-du-musee\\\/\"},\"wordCount\":287,\"publisher\":{\"@id\":\"https:\\\/\\\/www.notredamealarose.be\\\/#organization\"},\"image\":{\"@id\":\"https:\\\/\\\/www.notredamealarose.be\\\/mesures-sanitaires-prises-dans-le-cadre-de-la-re-ouverture-du-musee\\\/#primaryimage\"},\"thumbnailUrl\":\"\",\"articleSection\":[\"Actualit\u00e9s\",\"Animations\"],\"inLanguage\":\"nl-NL\"},{\"@type\":\"WebPage\",\"@id\":\"https:\\\/\\\/www.notredamealarose.be\\\/mesures-sanitaires-prises-dans-le-cadre-de-la-re-ouverture-du-musee\\\/\",\"url\":\"https:\\\/\\\/www.notredamealarose.be\\\/mesures-sanitaires-prises-dans-le-cadre-de-la-re-ouverture-du-musee\\\/\",\"name\":\"Sanitaire maatregelen voor de heropening van het museum - H\u00f4pital Notre-Dame \u00e0 la Rose - Lessines\",\"isPartOf\":{\"@id\":\"https:\\\/\\\/www.notredamealarose.be\\\/#website\"},\"primaryImageOfPage\":{\"@id\":\"https:\\\/\\\/www.notredamealarose.be\\\/mesures-sanitaires-prises-dans-le-cadre-de-la-re-ouverture-du-musee\\\/#primaryimage\"},\"image\":{\"@id\":\"https:\\\/\\\/www.notredamealarose.be\\\/mesures-sanitaires-prises-dans-le-cadre-de-la-re-ouverture-du-musee\\\/#primaryimage\"},\"thumbnailUrl\":\"\",\"datePublished\":\"2020-03-13T13:55:46+00:00\",\"breadcrumb\":{\"@id\":\"https:\\\/\\\/www.notredamealarose.be\\\/mesures-sanitaires-prises-dans-le-cadre-de-la-re-ouverture-du-musee\\\/#breadcrumb\"},\"inLanguage\":\"nl-NL\",\"potentialAction\":[{\"@type\":\"ReadAction\",\"target\":[\"https:\\\/\\\/www.notredamealarose.be\\\/mesures-sanitaires-prises-dans-le-cadre-de-la-re-ouverture-du-musee\\\/\"]}]},{\"@type\":\"ImageObject\",\"inLanguage\":\"nl-NL\",\"@id\":\"https:\\\/\\\/www.notredamealarose.be\\\/mesures-sanitaires-prises-dans-le-cadre-de-la-re-ouverture-du-musee\\\/#primaryimage\",\"url\":\"\",\"contentUrl\":\"\"},{\"@type\":\"BreadcrumbList\",\"@id\":\"https:\\\/\\\/www.notredamealarose.be\\\/mesures-sanitaires-prises-dans-le-cadre-de-la-re-ouverture-du-musee\\\/#breadcrumb\",\"itemListElement\":[{\"@type\":\"ListItem\",\"position\":1,\"name\":\"Accueil\",\"item\":\"https:\\\/\\\/www.notredamealarose.be\\\/nl\\\/\"},{\"@type\":\"ListItem\",\"position\":2,\"name\":\"Sanitaire maatregelen voor de heropening van het museum\"}]},{\"@type\":\"WebSite\",\"@id\":\"https:\\\/\\\/www.notredamealarose.be\\\/#website\",\"url\":\"https:\\\/\\\/www.notredamealarose.be\\\/\",\"name\":\"H\u00f4pital Notre-Dame \u00e0 la Rose - Lessines\",\"description\":\"Un mus\u00e9e magique et hors du temps !\",\"publisher\":{\"@id\":\"https:\\\/\\\/www.notredamealarose.be\\\/#organization\"},\"potentialAction\":[{\"@type\":\"SearchAction\",\"target\":{\"@type\":\"EntryPoint\",\"urlTemplate\":\"https:\\\/\\\/www.notredamealarose.be\\\/?s={search_term_string}\"},\"query-input\":{\"@type\":\"PropertyValueSpecification\",\"valueRequired\":true,\"valueName\":\"search_term_string\"}}],\"inLanguage\":\"nl-NL\"},{\"@type\":\"Organization\",\"@id\":\"https:\\\/\\\/www.notredamealarose.be\\\/#organization\",\"name\":\"H\u00f4pital Notre-Dame \u00e0 la Rose - Lessines\",\"url\":\"https:\\\/\\\/www.notredamealarose.be\\\/\",\"logo\":{\"@type\":\"ImageObject\",\"inLanguage\":\"nl-NL\",\"@id\":\"https:\\\/\\\/www.notredamealarose.be\\\/#\\\/schema\\\/logo\\\/image\\\/\",\"url\":\"https:\\\/\\\/www.notredamealarose.be\\\/2022\\\/wp-content\\\/uploads\\\/2023\\\/12\\\/HNDR-logo-monochrome-neg.png\",\"contentUrl\":\"https:\\\/\\\/www.notredamealarose.be\\\/2022\\\/wp-content\\\/uploads\\\/2023\\\/12\\\/HNDR-logo-monochrome-neg.png\",\"width\":1998,\"height\":1239,\"caption\":\"H\u00f4pital Notre-Dame \u00e0 la Rose - Lessines\"},\"image\":{\"@id\":\"https:\\\/\\\/www.notredamealarose.be\\\/#\\\/schema\\\/logo\\\/image\\\/\"}},{\"@type\":\"Person\",\"@id\":\"https:\\\/\\\/www.notredamealarose.be\\\/#\\\/schema\\\/person\\\/3a0a461049a481d42e8ad6f61694678d\",\"name\":\"Mus\u00e9e\",\"image\":{\"@type\":\"ImageObject\",\"inLanguage\":\"nl-NL\",\"@id\":\"https:\\\/\\\/secure.gravatar.com\\\/avatar\\\/d59e3c407838667b10d1f1e213a4b001755f76ec2c46053968d78e5edb94fd0e?s=96&d=mm&r=g\",\"url\":\"https:\\\/\\\/secure.gravatar.com\\\/avatar\\\/d59e3c407838667b10d1f1e213a4b001755f76ec2c46053968d78e5edb94fd0e?s=96&d=mm&r=g\",\"contentUrl\":\"https:\\\/\\\/secure.gravatar.com\\\/avatar\\\/d59e3c407838667b10d1f1e213a4b001755f76ec2c46053968d78e5edb94fd0e?s=96&d=mm&r=g\",\"caption\":\"Mus\u00e9e\"},\"url\":\"https:\\\/\\\/www.notredamealarose.be\\\/nl\\\/author\\\/ndalr2\\\/\"}]}<\/script>\n<!-- \/ Yoast SEO plugin. -->","yoast_head_json":{"title":"Sanitaire maatregelen voor de heropening van het museum - H\u00f4pital Notre-Dame \u00e0 la Rose - Lessines","robots":{"index":"index","follow":"follow","max-snippet":"max-snippet:-1","max-image-preview":"max-image-preview:large","max-video-preview":"max-video-preview:-1"},"canonical":"https:\/\/www.notredamealarose.be\/mesures-sanitaires-prises-dans-le-cadre-de-la-re-ouverture-du-musee\/","og_locale":"nl_NL","og_type":"article","og_title":"Sanitaire maatregelen voor de heropening van het museum - H\u00f4pital Notre-Dame \u00e0 la Rose - Lessines","og_description":"Beste bezoekers, Vanaf 13 juni zal het Museum H\u00f4pital Notre-Dame \u00e0 la Rose terug toegankelijk zijn van dinsdag tot vrijdag van 14u tot 18u en \u2018s zaterdags en \u2018s zondags, van 14u tot 18u30. Ook onze horecafaciliteiten en het terras zullen opnieuw open zijn. We verzoeken u wel om te reserveren aangezien de plaatsen beperkt [&hellip;]","og_url":"https:\/\/www.notredamealarose.be\/mesures-sanitaires-prises-dans-le-cadre-de-la-re-ouverture-du-musee\/","og_site_name":"H\u00f4pital Notre-Dame \u00e0 la Rose - Lessines","article_published_time":"2020-03-13T13:55:46+00:00","author":"Mus\u00e9e","twitter_card":"summary_large_image","schema":{"@context":"https:\/\/schema.org","@graph":[{"@type":"Article","@id":"https:\/\/www.notredamealarose.be\/mesures-sanitaires-prises-dans-le-cadre-de-la-re-ouverture-du-musee\/#article","isPartOf":{"@id":"https:\/\/www.notredamealarose.be\/mesures-sanitaires-prises-dans-le-cadre-de-la-re-ouverture-du-musee\/"},"author":{"name":"Mus\u00e9e","@id":"https:\/\/www.notredamealarose.be\/#\/schema\/person\/3a0a461049a481d42e8ad6f61694678d"},"headline":"Sanitaire maatregelen voor de heropening van het museum","datePublished":"2020-03-13T13:55:46+00:00","mainEntityOfPage":{"@id":"https:\/\/www.notredamealarose.be\/mesures-sanitaires-prises-dans-le-cadre-de-la-re-ouverture-du-musee\/"},"wordCount":287,"publisher":{"@id":"https:\/\/www.notredamealarose.be\/#organization"},"image":{"@id":"https:\/\/www.notredamealarose.be\/mesures-sanitaires-prises-dans-le-cadre-de-la-re-ouverture-du-musee\/#primaryimage"},"thumbnailUrl":"","articleSection":["Actualit\u00e9s","Animations"],"inLanguage":"nl-NL"},{"@type":"WebPage","@id":"https:\/\/www.notredamealarose.be\/mesures-sanitaires-prises-dans-le-cadre-de-la-re-ouverture-du-musee\/","url":"https:\/\/www.notredamealarose.be\/mesures-sanitaires-prises-dans-le-cadre-de-la-re-ouverture-du-musee\/","name":"Sanitaire maatregelen voor de heropening van het museum - H\u00f4pital Notre-Dame \u00e0 la Rose - Lessines","isPartOf":{"@id":"https:\/\/www.notredamealarose.be\/#website"},"primaryImageOfPage":{"@id":"https:\/\/www.notredamealarose.be\/mesures-sanitaires-prises-dans-le-cadre-de-la-re-ouverture-du-musee\/#primaryimage"},"image":{"@id":"https:\/\/www.notredamealarose.be\/mesures-sanitaires-prises-dans-le-cadre-de-la-re-ouverture-du-musee\/#primaryimage"},"thumbnailUrl":"","datePublished":"2020-03-13T13:55:46+00:00","breadcrumb":{"@id":"https:\/\/www.notredamealarose.be\/mesures-sanitaires-prises-dans-le-cadre-de-la-re-ouverture-du-musee\/#breadcrumb"},"inLanguage":"nl-NL","potentialAction":[{"@type":"ReadAction","target":["https:\/\/www.notredamealarose.be\/mesures-sanitaires-prises-dans-le-cadre-de-la-re-ouverture-du-musee\/"]}]},{"@type":"ImageObject","inLanguage":"nl-NL","@id":"https:\/\/www.notredamealarose.be\/mesures-sanitaires-prises-dans-le-cadre-de-la-re-ouverture-du-musee\/#primaryimage","url":"","contentUrl":""},{"@type":"BreadcrumbList","@id":"https:\/\/www.notredamealarose.be\/mesures-sanitaires-prises-dans-le-cadre-de-la-re-ouverture-du-musee\/#breadcrumb","itemListElement":[{"@type":"ListItem","position":1,"name":"Accueil","item":"https:\/\/www.notredamealarose.be\/nl\/"},{"@type":"ListItem","position":2,"name":"Sanitaire maatregelen voor de heropening van het museum"}]},{"@type":"WebSite","@id":"https:\/\/www.notredamealarose.be\/#website","url":"https:\/\/www.notredamealarose.be\/","name":"H\u00f4pital Notre-Dame \u00e0 la Rose - Lessines","description":"Un mus\u00e9e magique et hors du temps !","publisher":{"@id":"https:\/\/www.notredamealarose.be\/#organization"},"potentialAction":[{"@type":"SearchAction","target":{"@type":"EntryPoint","urlTemplate":"https:\/\/www.notredamealarose.be\/?s={search_term_string}"},"query-input":{"@type":"PropertyValueSpecification","valueRequired":true,"valueName":"search_term_string"}}],"inLanguage":"nl-NL"},{"@type":"Organization","@id":"https:\/\/www.notredamealarose.be\/#organization","name":"H\u00f4pital Notre-Dame \u00e0 la Rose - Lessines","url":"https:\/\/www.notredamealarose.be\/","logo":{"@type":"ImageObject","inLanguage":"nl-NL","@id":"https:\/\/www.notredamealarose.be\/#\/schema\/logo\/image\/","url":"https:\/\/www.notredamealarose.be\/2022\/wp-content\/uploads\/2023\/12\/HNDR-logo-monochrome-neg.png","contentUrl":"https:\/\/www.notredamealarose.be\/2022\/wp-content\/uploads\/2023\/12\/HNDR-logo-monochrome-neg.png","width":1998,"height":1239,"caption":"H\u00f4pital Notre-Dame \u00e0 la Rose - Lessines"},"image":{"@id":"https:\/\/www.notredamealarose.be\/#\/schema\/logo\/image\/"}},{"@type":"Person","@id":"https:\/\/www.notredamealarose.be\/#\/schema\/person\/3a0a461049a481d42e8ad6f61694678d","name":"Mus\u00e9e","image":{"@type":"ImageObject","inLanguage":"nl-NL","@id":"https:\/\/secure.gravatar.com\/avatar\/d59e3c407838667b10d1f1e213a4b001755f76ec2c46053968d78e5edb94fd0e?s=96&d=mm&r=g","url":"https:\/\/secure.gravatar.com\/avatar\/d59e3c407838667b10d1f1e213a4b001755f76ec2c46053968d78e5edb94fd0e?s=96&d=mm&r=g","contentUrl":"https:\/\/secure.gravatar.com\/avatar\/d59e3c407838667b10d1f1e213a4b001755f76ec2c46053968d78e5edb94fd0e?s=96&d=mm&r=g","caption":"Mus\u00e9e"},"url":"https:\/\/www.notredamealarose.be\/nl\/author\/ndalr2\/"}]}},"jetpack_featured_media_url":"","jetpack_sharing_enabled":true,"_links":{"self":[{"href":"https:\/\/www.notredamealarose.be\/nl\/wp-json\/wp\/v2\/posts\/7252","targetHints":{"allow":["GET"]}}],"collection":[{"href":"https:\/\/www.notredamealarose.be\/nl\/wp-json\/wp\/v2\/posts"}],"about":[{"href":"https:\/\/www.notredamealarose.be\/nl\/wp-json\/wp\/v2\/types\/post"}],"author":[{"embeddable":true,"href":"https:\/\/www.notredamealarose.be\/nl\/wp-json\/wp\/v2\/users\/2"}],"replies":[{"embeddable":true,"href":"https:\/\/www.notredamealarose.be\/nl\/wp-json\/wp\/v2\/comments?post=7252"}],"version-history":[{"count":0,"href":"https:\/\/www.notredamealarose.be\/nl\/wp-json\/wp\/v2\/posts\/7252\/revisions"}],"wp:featuredmedia":[{"embeddable":true,"href":"https:\/\/www.notredamealarose.be\/nl\/wp-json\/"}],"wp:attachment":[{"href":"https:\/\/www.notredamealarose.be\/nl\/wp-json\/wp\/v2\/media?parent=7252"}],"wp:term":[{"taxonomy":"category","embeddable":true,"href":"https:\/\/www.notredamealarose.be\/nl\/wp-json\/wp\/v2\/categories?post=7252"},{"taxonomy":"post_tag","embeddable":true,"href":"https:\/\/www.notredamealarose.be\/nl\/wp-json\/wp\/v2\/tags?post=7252"}],"curies":[{"name":"wp","href":"https:\/\/api.w.org\/{rel}","templated":true}]}}