{"id":9343,"date":"2022-08-01T11:57:03","date_gmt":"2022-08-01T09:57:03","guid":{"rendered":"https:\/\/www.notredamealarose.be\/les-sons-intensifs-op-13-en-14-08\/"},"modified":"2022-08-01T11:57:03","modified_gmt":"2022-08-01T09:57:03","slug":"les-sons-intensifs-op-13-en-14-08","status":"publish","type":"post","link":"https:\/\/www.notredamealarose.be\/nl\/les-sons-intensifs-op-13-en-14-08\/","title":{"rendered":"&#8216;Les sons intensifs&#8217;,  op 13 en 14\/08"},"content":{"rendered":"\n<p><strong>Festival van kamermuziek en gastronomie<\/strong><\/p>\n\n<h4 class=\"wp-block-heading\">12de editie &#8211; \u00ab Timescape \u00bb<\/h4>\n\n<p>Het festival &#8216;Les sons intensifs&#8217; palmt op 13 en 14 augustus opnieuw de prestigieuse locatie van het Hospitaal Notre-Dame \u00e0 la Rose in. Het festival, dat inmiddels al aan zijn 12de editie toe is, krijgt een nieuw jasje.&#13;\nUiteraard is David Cohen nog steeds artistiek directeur. Het festival vindt ook opnieuw plaats in het fantastische Hospitaal Notre-Dame \u00e0 la Rose, een bevoorrechte setting voor het evenement. En natuurlijk speelt gastronomie ook een belangrijke rol.<\/p>\n\n<p>Het programma is geconcentreerd op twee dagen. De filmconcert zal ongetwijfeld \u00e9\u00e9n van de hoogtepunten van het festival worden. De \u00abjonge talenten\u00bb vervolledigen de internationale artistieke scene. &#8216;Les sons intensifs&#8217; is een tijdloos moment van gelukzaligheid. Een intiem festival, dat een echte ontmoeting mogelijk maakt tussen publiek en kunstenaars\u2026<\/p>\n\n<h4 class=\"wp-block-heading\">De locatie<\/h4>\n\n<p>Het Hospitaal Notre-Dame \u00e0 la Rose is de locatie bij uitstek voor dit prachtige festival van kamermuziek. Het gebouw is erkend als Hoofderfgoed van Walloni\u00eb en onlangs werd een kandidatuur ingediend voor een erkenning als Unesco werelderfgoed.<\/p>\n\n<p> <\/p>\n\n<h4 class=\"wp-block-heading\">Artistiek directeur : David Cohen<\/h4>\n\n<p>Als jonge veertiger wordt David Cohen tot op heden beschouwd als een van de meest getalenteerde cellisten. Hij woont nu in Londen. Hij heeft een drukke internationale carri\u00e8re en is onlangs de eerste cello van het London Symphony Orchestra geworden. Hij is geboeid door kamermuziek en speelt regelmatig op &#8217;s werelds grootste festivals met de beste talenten van zijn generatie.<\/p>\n\n<p>David Cohen is afkomstig uit Doornik, in Picardisch Walloni\u00eb.  Dit festival is dan ook voor hem een terugkeer naar zijn geboortestreek. Het artistieke project van David wordt zo aangevuld met een menselijke en sentimentele dimensie, een terugkeer naar zijn &#8216;roots&#8217; omringd door muzikanten en vrienden die zijn beroepsleven markeren.<\/p>\n\n<p><strong>Programma en tickets<\/strong><\/p>\n\n<figure class=\"wp-block-image size-full\"><img decoding=\"async\" src=\"https:\/\/www.notredamealarose.be\/2013\/wp-content\/uploads\/2022\/08\/Sons-intensifs-2022.jpg\" alt=\"\" class=\"wp-image-9333\"\/><\/figure>","protected":false},"excerpt":{"rendered":"<p>12de editie van het festival van kamermuziek &#8216;Les sons intensifs&#8217; op de locatie van het Hospitaal Notre-Dame \u00e0 la Rose. Artistiek directeur : David Cohen. <\/p>\n","protected":false},"author":2,"featured_media":9334,"comment_status":"closed","ping_status":"closed","sticky":false,"template":"","format":"standard","meta":{"site-sidebar-layout":"default","site-content-layout":"","ast-site-content-layout":"","site-content-style":"default","site-sidebar-style":"default","ast-global-header-display":"","ast-banner-title-visibility":"","ast-main-header-display":"","ast-hfb-above-header-display":"","ast-hfb-below-header-display":"","ast-hfb-mobile-header-display":"","site-post-title":"","ast-breadcrumbs-content":"","ast-featured-img":"","footer-sml-layout":"","theme-transparent-header-meta":"","adv-header-id-meta":"","stick-header-meta":"","header-above-stick-meta":"","header-main-stick-meta":"","header-below-stick-meta":"","astra-migrate-meta-layouts":"default","ast-page-background-enabled":"default","ast-page-background-meta":{"desktop":{"background-color":"var(--ast-global-color-4)","background-image":"","background-repeat":"repeat","background-position":"center center","background-size":"auto","background-attachment":"scroll","background-type":"","background-media":"","overlay-type":"","overlay-color":"","overlay-gradient":""},"tablet":{"background-color":"","background-image":"","background-repeat":"repeat","background-position":"center center","background-size":"auto","background-attachment":"scroll","background-type":"","background-media":"","overlay-type":"","overlay-color":"","overlay-gradient":""},"mobile":{"background-color":"","background-image":"","background-repeat":"repeat","background-position":"center center","background-size":"auto","background-attachment":"scroll","background-type":"","background-media":"","overlay-type":"","overlay-color":"","overlay-gradient":""}},"ast-content-background-meta":{"desktop":{"background-color":"var(--ast-global-color-5)","background-image":"","background-repeat":"repeat","background-position":"center center","background-size":"auto","background-attachment":"scroll","background-type":"","background-media":"","overlay-type":"","overlay-color":"","overlay-gradient":""},"tablet":{"background-color":"var(--ast-global-color-5)","background-image":"","background-repeat":"repeat","background-position":"center center","background-size":"auto","background-attachment":"scroll","background-type":"","background-media":"","overlay-type":"","overlay-color":"","overlay-gradient":""},"mobile":{"background-color":"var(--ast-global-color-5)","background-image":"","background-repeat":"repeat","background-position":"center center","background-size":"auto","background-attachment":"scroll","background-type":"","background-media":"","overlay-type":"","overlay-color":"","overlay-gradient":""}},"_price":"","_stock":"","_tribe_ticket_header":"","_tribe_default_ticket_provider":"","_tribe_ticket_capacity":"0","_ticket_start_date":"","_ticket_end_date":"","_tribe_ticket_show_description":"","_tribe_ticket_show_not_going":false,"_tribe_ticket_use_global_stock":"","_tribe_ticket_global_stock_level":"","_global_stock_mode":"","_global_stock_cap":"","_tribe_rsvp_for_event":"","_tribe_ticket_going_count":"","_tribe_ticket_not_going_count":"","_tribe_tickets_list":"[]","_tribe_ticket_has_attendee_info_fields":false,"_jetpack_memberships_contains_paid_content":false,"footnotes":""},"categories":[3],"tags":[],"class_list":["post-9343","post","type-post","status-publish","format-standard","has-post-thumbnail","hentry","category-actualites"],"yoast_head":"<!-- This site is optimized with the Yoast SEO plugin v27.5 - https:\/\/yoast.com\/product\/yoast-seo-wordpress\/ -->\n<title>&#039;Les sons intensifs&#039;, op 13 en 14\/08 - H\u00f4pital Notre-Dame \u00e0 la Rose - Lessines<\/title>\n<meta name=\"robots\" content=\"index, follow, max-snippet:-1, max-image-preview:large, max-video-preview:-1\" \/>\n<link rel=\"canonical\" href=\"https:\/\/www.notredamealarose.be\/nl\/les-sons-intensifs-op-13-en-14-08\/\" \/>\n<meta property=\"og:locale\" content=\"nl_NL\" \/>\n<meta property=\"og:type\" content=\"article\" \/>\n<meta property=\"og:title\" content=\"&#039;Les sons intensifs&#039;, op 13 en 14\/08 - H\u00f4pital Notre-Dame \u00e0 la Rose - Lessines\" \/>\n<meta property=\"og:description\" content=\"12de editie van het festival van kamermuziek &#039;Les sons intensifs&#039; op de locatie van het Hospitaal Notre-Dame \u00e0 la Rose. Artistiek directeur : David Cohen.\" \/>\n<meta property=\"og:url\" content=\"https:\/\/www.notredamealarose.be\/nl\/les-sons-intensifs-op-13-en-14-08\/\" \/>\n<meta property=\"og:site_name\" content=\"H\u00f4pital Notre-Dame \u00e0 la Rose - Lessines\" \/>\n<meta property=\"article:published_time\" content=\"2022-08-01T09:57:03+00:00\" \/>\n<meta name=\"author\" content=\"Mus\u00e9e\" \/>\n<meta name=\"twitter:card\" content=\"summary_large_image\" \/>\n<script type=\"application\/ld+json\" class=\"yoast-schema-graph\">{\"@context\":\"https:\\\/\\\/schema.org\",\"@graph\":[{\"@type\":\"Article\",\"@id\":\"https:\\\/\\\/www.notredamealarose.be\\\/nl\\\/les-sons-intensifs-op-13-en-14-08\\\/#article\",\"isPartOf\":{\"@id\":\"https:\\\/\\\/www.notredamealarose.be\\\/nl\\\/les-sons-intensifs-op-13-en-14-08\\\/\"},\"author\":{\"name\":\"Mus\u00e9e\",\"@id\":\"https:\\\/\\\/www.notredamealarose.be\\\/#\\\/schema\\\/person\\\/3a0a461049a481d42e8ad6f61694678d\"},\"headline\":\"&#8216;Les sons intensifs&#8217;, op 13 en 14\\\/08\",\"datePublished\":\"2022-08-01T09:57:03+00:00\",\"mainEntityOfPage\":{\"@id\":\"https:\\\/\\\/www.notredamealarose.be\\\/nl\\\/les-sons-intensifs-op-13-en-14-08\\\/\"},\"wordCount\":288,\"publisher\":{\"@id\":\"https:\\\/\\\/www.notredamealarose.be\\\/#organization\"},\"image\":{\"@id\":\"https:\\\/\\\/www.notredamealarose.be\\\/nl\\\/les-sons-intensifs-op-13-en-14-08\\\/#primaryimage\"},\"thumbnailUrl\":\"\",\"articleSection\":[\"Actualit\u00e9s\"],\"inLanguage\":\"nl-NL\"},{\"@type\":\"WebPage\",\"@id\":\"https:\\\/\\\/www.notredamealarose.be\\\/nl\\\/les-sons-intensifs-op-13-en-14-08\\\/\",\"url\":\"https:\\\/\\\/www.notredamealarose.be\\\/nl\\\/les-sons-intensifs-op-13-en-14-08\\\/\",\"name\":\"'Les sons intensifs', op 13 en 14\\\/08 - H\u00f4pital Notre-Dame \u00e0 la Rose - Lessines\",\"isPartOf\":{\"@id\":\"https:\\\/\\\/www.notredamealarose.be\\\/#website\"},\"primaryImageOfPage\":{\"@id\":\"https:\\\/\\\/www.notredamealarose.be\\\/nl\\\/les-sons-intensifs-op-13-en-14-08\\\/#primaryimage\"},\"image\":{\"@id\":\"https:\\\/\\\/www.notredamealarose.be\\\/nl\\\/les-sons-intensifs-op-13-en-14-08\\\/#primaryimage\"},\"thumbnailUrl\":\"\",\"datePublished\":\"2022-08-01T09:57:03+00:00\",\"breadcrumb\":{\"@id\":\"https:\\\/\\\/www.notredamealarose.be\\\/nl\\\/les-sons-intensifs-op-13-en-14-08\\\/#breadcrumb\"},\"inLanguage\":\"nl-NL\",\"potentialAction\":[{\"@type\":\"ReadAction\",\"target\":[\"https:\\\/\\\/www.notredamealarose.be\\\/nl\\\/les-sons-intensifs-op-13-en-14-08\\\/\"]}]},{\"@type\":\"ImageObject\",\"inLanguage\":\"nl-NL\",\"@id\":\"https:\\\/\\\/www.notredamealarose.be\\\/nl\\\/les-sons-intensifs-op-13-en-14-08\\\/#primaryimage\",\"url\":\"\",\"contentUrl\":\"\"},{\"@type\":\"BreadcrumbList\",\"@id\":\"https:\\\/\\\/www.notredamealarose.be\\\/nl\\\/les-sons-intensifs-op-13-en-14-08\\\/#breadcrumb\",\"itemListElement\":[{\"@type\":\"ListItem\",\"position\":1,\"name\":\"Accueil\",\"item\":\"https:\\\/\\\/www.notredamealarose.be\\\/nl\\\/\"},{\"@type\":\"ListItem\",\"position\":2,\"name\":\"&lsquo;Les sons intensifs&rsquo;, op 13 en 14\\\/08\"}]},{\"@type\":\"WebSite\",\"@id\":\"https:\\\/\\\/www.notredamealarose.be\\\/#website\",\"url\":\"https:\\\/\\\/www.notredamealarose.be\\\/\",\"name\":\"H\u00f4pital Notre-Dame \u00e0 la Rose - Lessines\",\"description\":\"Un mus\u00e9e magique et hors du temps !\",\"publisher\":{\"@id\":\"https:\\\/\\\/www.notredamealarose.be\\\/#organization\"},\"potentialAction\":[{\"@type\":\"SearchAction\",\"target\":{\"@type\":\"EntryPoint\",\"urlTemplate\":\"https:\\\/\\\/www.notredamealarose.be\\\/?s={search_term_string}\"},\"query-input\":{\"@type\":\"PropertyValueSpecification\",\"valueRequired\":true,\"valueName\":\"search_term_string\"}}],\"inLanguage\":\"nl-NL\"},{\"@type\":\"Organization\",\"@id\":\"https:\\\/\\\/www.notredamealarose.be\\\/#organization\",\"name\":\"H\u00f4pital Notre-Dame \u00e0 la Rose - Lessines\",\"url\":\"https:\\\/\\\/www.notredamealarose.be\\\/\",\"logo\":{\"@type\":\"ImageObject\",\"inLanguage\":\"nl-NL\",\"@id\":\"https:\\\/\\\/www.notredamealarose.be\\\/#\\\/schema\\\/logo\\\/image\\\/\",\"url\":\"https:\\\/\\\/www.notredamealarose.be\\\/2022\\\/wp-content\\\/uploads\\\/2023\\\/12\\\/HNDR-logo-monochrome-neg.png\",\"contentUrl\":\"https:\\\/\\\/www.notredamealarose.be\\\/2022\\\/wp-content\\\/uploads\\\/2023\\\/12\\\/HNDR-logo-monochrome-neg.png\",\"width\":1998,\"height\":1239,\"caption\":\"H\u00f4pital Notre-Dame \u00e0 la Rose - Lessines\"},\"image\":{\"@id\":\"https:\\\/\\\/www.notredamealarose.be\\\/#\\\/schema\\\/logo\\\/image\\\/\"}},{\"@type\":\"Person\",\"@id\":\"https:\\\/\\\/www.notredamealarose.be\\\/#\\\/schema\\\/person\\\/3a0a461049a481d42e8ad6f61694678d\",\"name\":\"Mus\u00e9e\",\"image\":{\"@type\":\"ImageObject\",\"inLanguage\":\"nl-NL\",\"@id\":\"https:\\\/\\\/secure.gravatar.com\\\/avatar\\\/d59e3c407838667b10d1f1e213a4b001755f76ec2c46053968d78e5edb94fd0e?s=96&d=mm&r=g\",\"url\":\"https:\\\/\\\/secure.gravatar.com\\\/avatar\\\/d59e3c407838667b10d1f1e213a4b001755f76ec2c46053968d78e5edb94fd0e?s=96&d=mm&r=g\",\"contentUrl\":\"https:\\\/\\\/secure.gravatar.com\\\/avatar\\\/d59e3c407838667b10d1f1e213a4b001755f76ec2c46053968d78e5edb94fd0e?s=96&d=mm&r=g\",\"caption\":\"Mus\u00e9e\"},\"url\":\"https:\\\/\\\/www.notredamealarose.be\\\/nl\\\/author\\\/ndalr2\\\/\"}]}<\/script>\n<!-- \/ Yoast SEO plugin. -->","yoast_head_json":{"title":"'Les sons intensifs', op 13 en 14\/08 - H\u00f4pital Notre-Dame \u00e0 la Rose - Lessines","robots":{"index":"index","follow":"follow","max-snippet":"max-snippet:-1","max-image-preview":"max-image-preview:large","max-video-preview":"max-video-preview:-1"},"canonical":"https:\/\/www.notredamealarose.be\/nl\/les-sons-intensifs-op-13-en-14-08\/","og_locale":"nl_NL","og_type":"article","og_title":"'Les sons intensifs', op 13 en 14\/08 - H\u00f4pital Notre-Dame \u00e0 la Rose - Lessines","og_description":"12de editie van het festival van kamermuziek 'Les sons intensifs' op de locatie van het Hospitaal Notre-Dame \u00e0 la Rose. Artistiek directeur : David Cohen.","og_url":"https:\/\/www.notredamealarose.be\/nl\/les-sons-intensifs-op-13-en-14-08\/","og_site_name":"H\u00f4pital Notre-Dame \u00e0 la Rose - Lessines","article_published_time":"2022-08-01T09:57:03+00:00","author":"Mus\u00e9e","twitter_card":"summary_large_image","schema":{"@context":"https:\/\/schema.org","@graph":[{"@type":"Article","@id":"https:\/\/www.notredamealarose.be\/nl\/les-sons-intensifs-op-13-en-14-08\/#article","isPartOf":{"@id":"https:\/\/www.notredamealarose.be\/nl\/les-sons-intensifs-op-13-en-14-08\/"},"author":{"name":"Mus\u00e9e","@id":"https:\/\/www.notredamealarose.be\/#\/schema\/person\/3a0a461049a481d42e8ad6f61694678d"},"headline":"&#8216;Les sons intensifs&#8217;, op 13 en 14\/08","datePublished":"2022-08-01T09:57:03+00:00","mainEntityOfPage":{"@id":"https:\/\/www.notredamealarose.be\/nl\/les-sons-intensifs-op-13-en-14-08\/"},"wordCount":288,"publisher":{"@id":"https:\/\/www.notredamealarose.be\/#organization"},"image":{"@id":"https:\/\/www.notredamealarose.be\/nl\/les-sons-intensifs-op-13-en-14-08\/#primaryimage"},"thumbnailUrl":"","articleSection":["Actualit\u00e9s"],"inLanguage":"nl-NL"},{"@type":"WebPage","@id":"https:\/\/www.notredamealarose.be\/nl\/les-sons-intensifs-op-13-en-14-08\/","url":"https:\/\/www.notredamealarose.be\/nl\/les-sons-intensifs-op-13-en-14-08\/","name":"'Les sons intensifs', op 13 en 14\/08 - H\u00f4pital Notre-Dame \u00e0 la Rose - Lessines","isPartOf":{"@id":"https:\/\/www.notredamealarose.be\/#website"},"primaryImageOfPage":{"@id":"https:\/\/www.notredamealarose.be\/nl\/les-sons-intensifs-op-13-en-14-08\/#primaryimage"},"image":{"@id":"https:\/\/www.notredamealarose.be\/nl\/les-sons-intensifs-op-13-en-14-08\/#primaryimage"},"thumbnailUrl":"","datePublished":"2022-08-01T09:57:03+00:00","breadcrumb":{"@id":"https:\/\/www.notredamealarose.be\/nl\/les-sons-intensifs-op-13-en-14-08\/#breadcrumb"},"inLanguage":"nl-NL","potentialAction":[{"@type":"ReadAction","target":["https:\/\/www.notredamealarose.be\/nl\/les-sons-intensifs-op-13-en-14-08\/"]}]},{"@type":"ImageObject","inLanguage":"nl-NL","@id":"https:\/\/www.notredamealarose.be\/nl\/les-sons-intensifs-op-13-en-14-08\/#primaryimage","url":"","contentUrl":""},{"@type":"BreadcrumbList","@id":"https:\/\/www.notredamealarose.be\/nl\/les-sons-intensifs-op-13-en-14-08\/#breadcrumb","itemListElement":[{"@type":"ListItem","position":1,"name":"Accueil","item":"https:\/\/www.notredamealarose.be\/nl\/"},{"@type":"ListItem","position":2,"name":"&lsquo;Les sons intensifs&rsquo;, op 13 en 14\/08"}]},{"@type":"WebSite","@id":"https:\/\/www.notredamealarose.be\/#website","url":"https:\/\/www.notredamealarose.be\/","name":"H\u00f4pital Notre-Dame \u00e0 la Rose - Lessines","description":"Un mus\u00e9e magique et hors du temps !","publisher":{"@id":"https:\/\/www.notredamealarose.be\/#organization"},"potentialAction":[{"@type":"SearchAction","target":{"@type":"EntryPoint","urlTemplate":"https:\/\/www.notredamealarose.be\/?s={search_term_string}"},"query-input":{"@type":"PropertyValueSpecification","valueRequired":true,"valueName":"search_term_string"}}],"inLanguage":"nl-NL"},{"@type":"Organization","@id":"https:\/\/www.notredamealarose.be\/#organization","name":"H\u00f4pital Notre-Dame \u00e0 la Rose - Lessines","url":"https:\/\/www.notredamealarose.be\/","logo":{"@type":"ImageObject","inLanguage":"nl-NL","@id":"https:\/\/www.notredamealarose.be\/#\/schema\/logo\/image\/","url":"https:\/\/www.notredamealarose.be\/2022\/wp-content\/uploads\/2023\/12\/HNDR-logo-monochrome-neg.png","contentUrl":"https:\/\/www.notredamealarose.be\/2022\/wp-content\/uploads\/2023\/12\/HNDR-logo-monochrome-neg.png","width":1998,"height":1239,"caption":"H\u00f4pital Notre-Dame \u00e0 la Rose - Lessines"},"image":{"@id":"https:\/\/www.notredamealarose.be\/#\/schema\/logo\/image\/"}},{"@type":"Person","@id":"https:\/\/www.notredamealarose.be\/#\/schema\/person\/3a0a461049a481d42e8ad6f61694678d","name":"Mus\u00e9e","image":{"@type":"ImageObject","inLanguage":"nl-NL","@id":"https:\/\/secure.gravatar.com\/avatar\/d59e3c407838667b10d1f1e213a4b001755f76ec2c46053968d78e5edb94fd0e?s=96&d=mm&r=g","url":"https:\/\/secure.gravatar.com\/avatar\/d59e3c407838667b10d1f1e213a4b001755f76ec2c46053968d78e5edb94fd0e?s=96&d=mm&r=g","contentUrl":"https:\/\/secure.gravatar.com\/avatar\/d59e3c407838667b10d1f1e213a4b001755f76ec2c46053968d78e5edb94fd0e?s=96&d=mm&r=g","caption":"Mus\u00e9e"},"url":"https:\/\/www.notredamealarose.be\/nl\/author\/ndalr2\/"}]}},"jetpack_featured_media_url":"","jetpack_sharing_enabled":true,"_links":{"self":[{"href":"https:\/\/www.notredamealarose.be\/nl\/wp-json\/wp\/v2\/posts\/9343","targetHints":{"allow":["GET"]}}],"collection":[{"href":"https:\/\/www.notredamealarose.be\/nl\/wp-json\/wp\/v2\/posts"}],"about":[{"href":"https:\/\/www.notredamealarose.be\/nl\/wp-json\/wp\/v2\/types\/post"}],"author":[{"embeddable":true,"href":"https:\/\/www.notredamealarose.be\/nl\/wp-json\/wp\/v2\/users\/2"}],"replies":[{"embeddable":true,"href":"https:\/\/www.notredamealarose.be\/nl\/wp-json\/wp\/v2\/comments?post=9343"}],"version-history":[{"count":0,"href":"https:\/\/www.notredamealarose.be\/nl\/wp-json\/wp\/v2\/posts\/9343\/revisions"}],"wp:featuredmedia":[{"embeddable":true,"href":"https:\/\/www.notredamealarose.be\/nl\/wp-json\/"}],"wp:attachment":[{"href":"https:\/\/www.notredamealarose.be\/nl\/wp-json\/wp\/v2\/media?parent=9343"}],"wp:term":[{"taxonomy":"category","embeddable":true,"href":"https:\/\/www.notredamealarose.be\/nl\/wp-json\/wp\/v2\/categories?post=9343"},{"taxonomy":"post_tag","embeddable":true,"href":"https:\/\/www.notredamealarose.be\/nl\/wp-json\/wp\/v2\/tags?post=9343"}],"curies":[{"name":"wp","href":"https:\/\/api.w.org\/{rel}","templated":true}]}}